{"id":10806,"date":"2019-09-16T20:56:30","date_gmt":"2019-09-16T20:56:30","guid":{"rendered":"http:\/\/deberkel.info\/?p=10806"},"modified":"2020-04-27T19:34:34","modified_gmt":"2020-04-27T19:34:34","slug":"flusterschiffer-beschaftigt-am-denkmal-besichtigungstag","status":"publish","type":"post","link":"https:\/\/deberkel.info\/de\/flusterschiffer-beschaftigt-am-denkmal-besichtigungstag\/","title":{"rendered":"Fl\u00fcsterschiffer besch\u00e4ftigt am Denkmal Besichtigungstag (2019)"},"content":{"rendered":"<p><img loading=\"lazy\" decoding=\"async\" class=\"alignnone wp-image-10802 size-medium\" src=\"\/wp-content\/uploads\/2019\/09\/2019-09-16_FluisterbotenOpenMonumentendag2019-2-1000x382-300x115.jpg\" alt=\"\" width=\"300\" height=\"115\" srcset=\"https:\/\/deberkel.info\/wp-content\/uploads\/2019\/09\/2019-09-16_FluisterbotenOpenMonumentendag2019-2-1000x382-300x115.jpg 300w, https:\/\/deberkel.info\/wp-content\/uploads\/2019\/09\/2019-09-16_FluisterbotenOpenMonumentendag2019-2-1000x382-768x293.jpg 768w, https:\/\/deberkel.info\/wp-content\/uploads\/2019\/09\/2019-09-16_FluisterbotenOpenMonumentendag2019-2-1000x382-500x191.jpg 500w, https:\/\/deberkel.info\/wp-content\/uploads\/2019\/09\/2019-09-16_FluisterbotenOpenMonumentendag2019-2-1000x382.jpg 1000w\" sizes=\"auto, (max-width: 300px) 100vw, 300px\" \/><br \/>\nViele Leute am 15. September 2019 auf der Berkel in Zutphen w\u00e4hrend Denkmal Besichtigungstag.<br \/>\nSehe das sch\u00f6ne Video hierunter von Jan Riethorst:<\/p>\n<p><iframe loading=\"lazy\" style=\"width: 800px; height: 329px;\" src=\"https:\/\/www.youtube.com\/embed\/TvfCB2e3MZQ\" width=\"1473\" height=\"606\" frameborder=\"0\" allowfullscreen=\"allowfullscreen\"><span data-mce-type=\"bookmark\" style=\"display: inline-block; width: 0px; overflow: hidden; line-height: 0;\" class=\"mce_SELRES_start\">\ufeff<\/span><span data-mce-type=\"bookmark\" style=\"display: inline-block; width: 0px; overflow: hidden; line-height: 0;\" class=\"mce_SELRES_start\">\ufeff<\/span><\/iframe><\/p>\n","protected":false},"excerpt":{"rendered":"<p>Viele Leute auf der Berkel in Zutphen w\u00e4hrend Denkmal Besichtigungstag <a href=\"https:\/\/deberkel.info\/de\/flusterschiffer-beschaftigt-am-denkmal-besichtigungstag\/\">Weiterlesen <span class=\"meta-nav\">&rarr;<\/span><\/a><\/p>\n","protected":false},"author":1,"featured_media":10802,"comment_status":"closed","ping_status":"closed","sticky":false,"template":"","format":"standard","meta":{"_exactmetrics_skip_tracking":false,"_exactmetrics_sitenote_active":false,"_exactmetrics_sitenote_note":"","_exactmetrics_sitenote_category":0,"ngg_post_thumbnail":0,"_locale":"de_DE","_original_post":"10799","footnotes":"","_links_to":"","_links_to_target":""},"categories":[132,7],"tags":[],"class_list":["post-10806","post","type-post","status-publish","format-standard","has-post-thumbnail","hentry","category-filmpjes","category-nieuws","de-DE"],"yoast_head":"<!-- This site is optimized with the Yoast SEO plugin v27.5 - https:\/\/yoast.com\/product\/yoast-seo-wordpress\/ -->\n<title>Fl\u00fcsterschiffer besch\u00e4ftigt am Denkmal Besichtigungstag (2019) - Berkel Info<\/title>\n<meta name=\"robots\" content=\"index, follow, max-snippet:-1, max-image-preview:large, max-video-preview:-1\" \/>\n<link rel=\"canonical\" href=\"https:\/\/deberkel.info\/de\/flusterschiffer-beschaftigt-am-denkmal-besichtigungstag\/\" \/>\n<meta property=\"og:locale\" content=\"de_DE\" \/>\n<meta property=\"og:type\" content=\"article\" \/>\n<meta property=\"og:title\" content=\"Fl\u00fcsterschiffer besch\u00e4ftigt am Denkmal Besichtigungstag (2019) - Berkel Info\" \/>\n<meta property=\"og:description\" content=\"Viele Leute auf der Berkel in Zutphen w\u00e4hrend Denkmal Besichtigungstag Weiterlesen &rarr;\" \/>\n<meta property=\"og:url\" content=\"https:\/\/deberkel.info\/de\/flusterschiffer-beschaftigt-am-denkmal-besichtigungstag\/\" \/>\n<meta property=\"og:site_name\" content=\"Berkel Info\" \/>\n<meta property=\"article:published_time\" content=\"2019-09-16T20:56:30+00:00\" \/>\n<meta property=\"article:modified_time\" content=\"2020-04-27T19:34:34+00:00\" \/>\n<meta property=\"og:image\" content=\"https:\/\/deberkel.info\/wp-content\/uploads\/2019\/09\/2019-09-16_FluisterbotenOpenMonumentendag2019-2-1000x382.jpg\" \/>\n\t<meta property=\"og:image:width\" content=\"1000\" \/>\n\t<meta property=\"og:image:height\" content=\"382\" \/>\n\t<meta property=\"og:image:type\" content=\"image\/jpeg\" \/>\n<meta name=\"author\" content=\"berkelcompagnie\" \/>\n<meta name=\"twitter:card\" content=\"summary_large_image\" \/>\n<meta name=\"twitter:label1\" content=\"Verfasst von\" \/>\n\t<meta name=\"twitter:data1\" content=\"berkelcompagnie\" \/>\n<script type=\"application\/ld+json\" class=\"yoast-schema-graph\">{\"@context\":\"https:\\\/\\\/schema.org\",\"@graph\":[{\"@type\":\"Article\",\"@id\":\"https:\\\/\\\/deberkel.info\\\/de\\\/flusterschiffer-beschaftigt-am-denkmal-besichtigungstag\\\/#article\",\"isPartOf\":{\"@id\":\"https:\\\/\\\/deberkel.info\\\/de\\\/flusterschiffer-beschaftigt-am-denkmal-besichtigungstag\\\/\"},\"author\":{\"name\":\"berkelcompagnie\",\"@id\":\"https:\\\/\\\/deberkel.info\\\/#\\\/schema\\\/person\\\/68626cffa2cc89382550cfe49c51a4f8\"},\"headline\":\"Fl\u00fcsterschiffer besch\u00e4ftigt am Denkmal Besichtigungstag (2019)\",\"datePublished\":\"2019-09-16T20:56:30+00:00\",\"dateModified\":\"2020-04-27T19:34:34+00:00\",\"mainEntityOfPage\":{\"@id\":\"https:\\\/\\\/deberkel.info\\\/de\\\/flusterschiffer-beschaftigt-am-denkmal-besichtigungstag\\\/\"},\"wordCount\":29,\"image\":{\"@id\":\"https:\\\/\\\/deberkel.info\\\/de\\\/flusterschiffer-beschaftigt-am-denkmal-besichtigungstag\\\/#primaryimage\"},\"thumbnailUrl\":\"https:\\\/\\\/deberkel.info\\\/wp-content\\\/uploads\\\/2019\\\/09\\\/2019-09-16_FluisterbotenOpenMonumentendag2019-2-1000x382.jpg\",\"articleSection\":[\"Filmpjes\",\"Titelseite Nachrichten\"],\"inLanguage\":\"de\"},{\"@type\":\"WebPage\",\"@id\":\"https:\\\/\\\/deberkel.info\\\/de\\\/flusterschiffer-beschaftigt-am-denkmal-besichtigungstag\\\/\",\"url\":\"https:\\\/\\\/deberkel.info\\\/de\\\/flusterschiffer-beschaftigt-am-denkmal-besichtigungstag\\\/\",\"name\":\"Fl\u00fcsterschiffer besch\u00e4ftigt am Denkmal Besichtigungstag (2019) - Berkel Info\",\"isPartOf\":{\"@id\":\"https:\\\/\\\/deberkel.info\\\/#website\"},\"primaryImageOfPage\":{\"@id\":\"https:\\\/\\\/deberkel.info\\\/de\\\/flusterschiffer-beschaftigt-am-denkmal-besichtigungstag\\\/#primaryimage\"},\"image\":{\"@id\":\"https:\\\/\\\/deberkel.info\\\/de\\\/flusterschiffer-beschaftigt-am-denkmal-besichtigungstag\\\/#primaryimage\"},\"thumbnailUrl\":\"https:\\\/\\\/deberkel.info\\\/wp-content\\\/uploads\\\/2019\\\/09\\\/2019-09-16_FluisterbotenOpenMonumentendag2019-2-1000x382.jpg\",\"datePublished\":\"2019-09-16T20:56:30+00:00\",\"dateModified\":\"2020-04-27T19:34:34+00:00\",\"author\":{\"@id\":\"https:\\\/\\\/deberkel.info\\\/#\\\/schema\\\/person\\\/68626cffa2cc89382550cfe49c51a4f8\"},\"breadcrumb\":{\"@id\":\"https:\\\/\\\/deberkel.info\\\/de\\\/flusterschiffer-beschaftigt-am-denkmal-besichtigungstag\\\/#breadcrumb\"},\"inLanguage\":\"de\",\"potentialAction\":[{\"@type\":\"ReadAction\",\"target\":[\"https:\\\/\\\/deberkel.info\\\/de\\\/flusterschiffer-beschaftigt-am-denkmal-besichtigungstag\\\/\"]}]},{\"@type\":\"ImageObject\",\"inLanguage\":\"de\",\"@id\":\"https:\\\/\\\/deberkel.info\\\/de\\\/flusterschiffer-beschaftigt-am-denkmal-besichtigungstag\\\/#primaryimage\",\"url\":\"https:\\\/\\\/deberkel.info\\\/wp-content\\\/uploads\\\/2019\\\/09\\\/2019-09-16_FluisterbotenOpenMonumentendag2019-2-1000x382.jpg\",\"contentUrl\":\"https:\\\/\\\/deberkel.info\\\/wp-content\\\/uploads\\\/2019\\\/09\\\/2019-09-16_FluisterbotenOpenMonumentendag2019-2-1000x382.jpg\",\"width\":1000,\"height\":382},{\"@type\":\"BreadcrumbList\",\"@id\":\"https:\\\/\\\/deberkel.info\\\/de\\\/flusterschiffer-beschaftigt-am-denkmal-besichtigungstag\\\/#breadcrumb\",\"itemListElement\":[{\"@type\":\"ListItem\",\"position\":1,\"name\":\"Home\",\"item\":\"https:\\\/\\\/deberkel.info\\\/de\\\/\"},{\"@type\":\"ListItem\",\"position\":2,\"name\":\"Fl\u00fcsterschiffer besch\u00e4ftigt am Denkmal Besichtigungstag (2019)\"}]},{\"@type\":\"WebSite\",\"@id\":\"https:\\\/\\\/deberkel.info\\\/#website\",\"url\":\"https:\\\/\\\/deberkel.info\\\/\",\"name\":\"Berkel Info\",\"description\":\"Alles over de Berkel en het Berkeldal, van Billerbeck tot Zutphen\",\"potentialAction\":[{\"@type\":\"SearchAction\",\"target\":{\"@type\":\"EntryPoint\",\"urlTemplate\":\"https:\\\/\\\/deberkel.info\\\/?s={search_term_string}\"},\"query-input\":{\"@type\":\"PropertyValueSpecification\",\"valueRequired\":true,\"valueName\":\"search_term_string\"}}],\"inLanguage\":\"de\"},{\"@type\":\"Person\",\"@id\":\"https:\\\/\\\/deberkel.info\\\/#\\\/schema\\\/person\\\/68626cffa2cc89382550cfe49c51a4f8\",\"name\":\"berkelcompagnie\",\"image\":{\"@type\":\"ImageObject\",\"inLanguage\":\"de\",\"@id\":\"https:\\\/\\\/secure.gravatar.com\\\/avatar\\\/6307c78d195e52619e6aab2303285d5038a965465385ad25ab0f683cf59b649e?s=96&d=mm&r=g\",\"url\":\"https:\\\/\\\/secure.gravatar.com\\\/avatar\\\/6307c78d195e52619e6aab2303285d5038a965465385ad25ab0f683cf59b649e?s=96&d=mm&r=g\",\"contentUrl\":\"https:\\\/\\\/secure.gravatar.com\\\/avatar\\\/6307c78d195e52619e6aab2303285d5038a965465385ad25ab0f683cf59b649e?s=96&d=mm&r=g\",\"caption\":\"berkelcompagnie\"}}]}<\/script>\n<!-- \/ Yoast SEO plugin. -->","yoast_head_json":{"title":"Fl\u00fcsterschiffer besch\u00e4ftigt am Denkmal Besichtigungstag (2019) - Berkel Info","robots":{"index":"index","follow":"follow","max-snippet":"max-snippet:-1","max-image-preview":"max-image-preview:large","max-video-preview":"max-video-preview:-1"},"canonical":"https:\/\/deberkel.info\/de\/flusterschiffer-beschaftigt-am-denkmal-besichtigungstag\/","og_locale":"de_DE","og_type":"article","og_title":"Fl\u00fcsterschiffer besch\u00e4ftigt am Denkmal Besichtigungstag (2019) - Berkel Info","og_description":"Viele Leute auf der Berkel in Zutphen w\u00e4hrend Denkmal Besichtigungstag Weiterlesen &rarr;","og_url":"https:\/\/deberkel.info\/de\/flusterschiffer-beschaftigt-am-denkmal-besichtigungstag\/","og_site_name":"Berkel Info","article_published_time":"2019-09-16T20:56:30+00:00","article_modified_time":"2020-04-27T19:34:34+00:00","og_image":[{"width":1000,"height":382,"url":"https:\/\/deberkel.info\/wp-content\/uploads\/2019\/09\/2019-09-16_FluisterbotenOpenMonumentendag2019-2-1000x382.jpg","type":"image\/jpeg"}],"author":"berkelcompagnie","twitter_card":"summary_large_image","twitter_misc":{"Verfasst von":"berkelcompagnie"},"schema":{"@context":"https:\/\/schema.org","@graph":[{"@type":"Article","@id":"https:\/\/deberkel.info\/de\/flusterschiffer-beschaftigt-am-denkmal-besichtigungstag\/#article","isPartOf":{"@id":"https:\/\/deberkel.info\/de\/flusterschiffer-beschaftigt-am-denkmal-besichtigungstag\/"},"author":{"name":"berkelcompagnie","@id":"https:\/\/deberkel.info\/#\/schema\/person\/68626cffa2cc89382550cfe49c51a4f8"},"headline":"Fl\u00fcsterschiffer besch\u00e4ftigt am Denkmal Besichtigungstag (2019)","datePublished":"2019-09-16T20:56:30+00:00","dateModified":"2020-04-27T19:34:34+00:00","mainEntityOfPage":{"@id":"https:\/\/deberkel.info\/de\/flusterschiffer-beschaftigt-am-denkmal-besichtigungstag\/"},"wordCount":29,"image":{"@id":"https:\/\/deberkel.info\/de\/flusterschiffer-beschaftigt-am-denkmal-besichtigungstag\/#primaryimage"},"thumbnailUrl":"https:\/\/deberkel.info\/wp-content\/uploads\/2019\/09\/2019-09-16_FluisterbotenOpenMonumentendag2019-2-1000x382.jpg","articleSection":["Filmpjes","Titelseite Nachrichten"],"inLanguage":"de"},{"@type":"WebPage","@id":"https:\/\/deberkel.info\/de\/flusterschiffer-beschaftigt-am-denkmal-besichtigungstag\/","url":"https:\/\/deberkel.info\/de\/flusterschiffer-beschaftigt-am-denkmal-besichtigungstag\/","name":"Fl\u00fcsterschiffer besch\u00e4ftigt am Denkmal Besichtigungstag (2019) - Berkel Info","isPartOf":{"@id":"https:\/\/deberkel.info\/#website"},"primaryImageOfPage":{"@id":"https:\/\/deberkel.info\/de\/flusterschiffer-beschaftigt-am-denkmal-besichtigungstag\/#primaryimage"},"image":{"@id":"https:\/\/deberkel.info\/de\/flusterschiffer-beschaftigt-am-denkmal-besichtigungstag\/#primaryimage"},"thumbnailUrl":"https:\/\/deberkel.info\/wp-content\/uploads\/2019\/09\/2019-09-16_FluisterbotenOpenMonumentendag2019-2-1000x382.jpg","datePublished":"2019-09-16T20:56:30+00:00","dateModified":"2020-04-27T19:34:34+00:00","author":{"@id":"https:\/\/deberkel.info\/#\/schema\/person\/68626cffa2cc89382550cfe49c51a4f8"},"breadcrumb":{"@id":"https:\/\/deberkel.info\/de\/flusterschiffer-beschaftigt-am-denkmal-besichtigungstag\/#breadcrumb"},"inLanguage":"de","potentialAction":[{"@type":"ReadAction","target":["https:\/\/deberkel.info\/de\/flusterschiffer-beschaftigt-am-denkmal-besichtigungstag\/"]}]},{"@type":"ImageObject","inLanguage":"de","@id":"https:\/\/deberkel.info\/de\/flusterschiffer-beschaftigt-am-denkmal-besichtigungstag\/#primaryimage","url":"https:\/\/deberkel.info\/wp-content\/uploads\/2019\/09\/2019-09-16_FluisterbotenOpenMonumentendag2019-2-1000x382.jpg","contentUrl":"https:\/\/deberkel.info\/wp-content\/uploads\/2019\/09\/2019-09-16_FluisterbotenOpenMonumentendag2019-2-1000x382.jpg","width":1000,"height":382},{"@type":"BreadcrumbList","@id":"https:\/\/deberkel.info\/de\/flusterschiffer-beschaftigt-am-denkmal-besichtigungstag\/#breadcrumb","itemListElement":[{"@type":"ListItem","position":1,"name":"Home","item":"https:\/\/deberkel.info\/de\/"},{"@type":"ListItem","position":2,"name":"Fl\u00fcsterschiffer besch\u00e4ftigt am Denkmal Besichtigungstag (2019)"}]},{"@type":"WebSite","@id":"https:\/\/deberkel.info\/#website","url":"https:\/\/deberkel.info\/","name":"Berkel Info","description":"Alles over de Berkel en het Berkeldal, van Billerbeck tot Zutphen","potentialAction":[{"@type":"SearchAction","target":{"@type":"EntryPoint","urlTemplate":"https:\/\/deberkel.info\/?s={search_term_string}"},"query-input":{"@type":"PropertyValueSpecification","valueRequired":true,"valueName":"search_term_string"}}],"inLanguage":"de"},{"@type":"Person","@id":"https:\/\/deberkel.info\/#\/schema\/person\/68626cffa2cc89382550cfe49c51a4f8","name":"berkelcompagnie","image":{"@type":"ImageObject","inLanguage":"de","@id":"https:\/\/secure.gravatar.com\/avatar\/6307c78d195e52619e6aab2303285d5038a965465385ad25ab0f683cf59b649e?s=96&d=mm&r=g","url":"https:\/\/secure.gravatar.com\/avatar\/6307c78d195e52619e6aab2303285d5038a965465385ad25ab0f683cf59b649e?s=96&d=mm&r=g","contentUrl":"https:\/\/secure.gravatar.com\/avatar\/6307c78d195e52619e6aab2303285d5038a965465385ad25ab0f683cf59b649e?s=96&d=mm&r=g","caption":"berkelcompagnie"}}]}},"rttpg_featured_image_url":{"full":["https:\/\/deberkel.info\/wp-content\/uploads\/2019\/09\/2019-09-16_FluisterbotenOpenMonumentendag2019-2-1000x382.jpg",1000,382,false],"landscape":["https:\/\/deberkel.info\/wp-content\/uploads\/2019\/09\/2019-09-16_FluisterbotenOpenMonumentendag2019-2-1000x382.jpg",1000,382,false],"portraits":["https:\/\/deberkel.info\/wp-content\/uploads\/2019\/09\/2019-09-16_FluisterbotenOpenMonumentendag2019-2-1000x382.jpg",1000,382,false],"thumbnail":["https:\/\/deberkel.info\/wp-content\/uploads\/2019\/09\/2019-09-16_FluisterbotenOpenMonumentendag2019-2-1000x382-150x150.jpg",150,150,true],"medium":["https:\/\/deberkel.info\/wp-content\/uploads\/2019\/09\/2019-09-16_FluisterbotenOpenMonumentendag2019-2-1000x382-300x115.jpg",300,115,true],"large":["https:\/\/deberkel.info\/wp-content\/uploads\/2019\/09\/2019-09-16_FluisterbotenOpenMonumentendag2019-2-1000x382.jpg",584,223,false],"1536x1536":["https:\/\/deberkel.info\/wp-content\/uploads\/2019\/09\/2019-09-16_FluisterbotenOpenMonumentendag2019-2-1000x382.jpg",1000,382,false],"2048x2048":["https:\/\/deberkel.info\/wp-content\/uploads\/2019\/09\/2019-09-16_FluisterbotenOpenMonumentendag2019-2-1000x382.jpg",1000,382,false],"post-thumbnail":["https:\/\/deberkel.info\/wp-content\/uploads\/2019\/09\/2019-09-16_FluisterbotenOpenMonumentendag2019-2-1000x382-1000x288.jpg",1000,288,true],"large-feature":["https:\/\/deberkel.info\/wp-content\/uploads\/2019\/09\/2019-09-16_FluisterbotenOpenMonumentendag2019-2-1000x382-1000x288.jpg",1000,288,true],"small-feature":["https:\/\/deberkel.info\/wp-content\/uploads\/2019\/09\/2019-09-16_FluisterbotenOpenMonumentendag2019-2-1000x382-500x191.jpg",500,191,true]},"rttpg_author":{"display_name":"berkelcompagnie","author_link":"https:\/\/deberkel.info\/author\/berkelcompagnie\/"},"rttpg_comment":0,"rttpg_category":"<a href=\"https:\/\/deberkel.info\/de\/berichtenlijsten\/filmpjes\/\" rel=\"category tag\">Filmpjes<\/a> <a href=\"https:\/\/deberkel.info\/de\/nieuws\/\" rel=\"category tag\">Titelseite Nachrichten<\/a>","rttpg_excerpt":"Viele Leute auf der Berkel in Zutphen w\u00e4hrend Denkmal Besichtigungstag Weiterlesen &rarr;","_links":{"self":[{"href":"https:\/\/deberkel.info\/wp-json\/wp\/v2\/posts\/10806","targetHints":{"allow":["GET"]}}],"collection":[{"href":"https:\/\/deberkel.info\/wp-json\/wp\/v2\/posts"}],"about":[{"href":"https:\/\/deberkel.info\/wp-json\/wp\/v2\/types\/post"}],"author":[{"embeddable":true,"href":"https:\/\/deberkel.info\/wp-json\/wp\/v2\/users\/1"}],"replies":[{"embeddable":true,"href":"https:\/\/deberkel.info\/wp-json\/wp\/v2\/comments?post=10806"}],"version-history":[{"count":2,"href":"https:\/\/deberkel.info\/wp-json\/wp\/v2\/posts\/10806\/revisions"}],"predecessor-version":[{"id":12693,"href":"https:\/\/deberkel.info\/wp-json\/wp\/v2\/posts\/10806\/revisions\/12693"}],"wp:featuredmedia":[{"embeddable":true,"href":"https:\/\/deberkel.info\/wp-json\/wp\/v2\/media\/10802"}],"wp:attachment":[{"href":"https:\/\/deberkel.info\/wp-json\/wp\/v2\/media?parent=10806"}],"wp:term":[{"taxonomy":"category","embeddable":true,"href":"https:\/\/deberkel.info\/wp-json\/wp\/v2\/categories?post=10806"},{"taxonomy":"post_tag","embeddable":true,"href":"https:\/\/deberkel.info\/wp-json\/wp\/v2\/tags?post=10806"}],"curies":[{"name":"wp","href":"https:\/\/api.w.org\/{rel}","templated":true}]}}