{"id":10924,"date":"2019-06-28T11:57:27","date_gmt":"2019-06-28T11:57:27","guid":{"rendered":"http:\/\/deberkel.info\/?p=10924"},"modified":"2019-10-01T11:59:01","modified_gmt":"2019-10-01T11:59:01","slug":"vision-anpassung-berkel-borculo-lochem-prasentiert","status":"publish","type":"post","link":"https:\/\/deberkel.info\/de\/vision-anpassung-berkel-borculo-lochem-prasentiert\/","title":{"rendered":"Vision Anpassung Berkel Borculo &#8211; Lochem pr\u00e4sentiert"},"content":{"rendered":"<p>Nach 3 Treffen zur R\u00fccksprache mit Beteiligten f\u00fcr eine Vision zu einer erneute Berkel zwischen Borculo und Lochem sind am 27. Juni 2019 die Resultate dieser Erforschung&nbsp; pr\u00e4sentiert bei &#8218;de Melktap&#8216; in Geesteren.<\/p>\n<p><img loading=\"lazy\" decoding=\"async\" class=\"alignnone wp-image-10918 size-full\" src=\"\/wp-content\/uploads\/2019\/10\/BerkelFoto2Publiekspresentatie20190627-800x417.jpg\" alt=\"\" width=\"800\" height=\"417\" srcset=\"https:\/\/deberkel.info\/wp-content\/uploads\/2019\/10\/BerkelFoto2Publiekspresentatie20190627-800x417.jpg 800w, https:\/\/deberkel.info\/wp-content\/uploads\/2019\/10\/BerkelFoto2Publiekspresentatie20190627-800x417-300x156.jpg 300w, https:\/\/deberkel.info\/wp-content\/uploads\/2019\/10\/BerkelFoto2Publiekspresentatie20190627-800x417-768x400.jpg 768w, https:\/\/deberkel.info\/wp-content\/uploads\/2019\/10\/BerkelFoto2Publiekspresentatie20190627-800x417-500x261.jpg 500w\" sizes=\"auto, (max-width: 800px) 100vw, 800px\" \/><br \/>\nEtwa 250 Interessierter gab es in 2 Sitzungen f\u00fcr die Presentation der Vision durch Umgebungsmanager Louisa Remesal und Projektleiter Gert-Jan Smit.<\/p>\n<p><img loading=\"lazy\" decoding=\"async\" class=\"alignnone size-full wp-image-10919\" src=\"\/wp-content\/uploads\/2019\/10\/PubliekPresentatie20190627-450x251.jpg\" alt=\"\" width=\"450\" height=\"251\" srcset=\"https:\/\/deberkel.info\/wp-content\/uploads\/2019\/10\/PubliekPresentatie20190627-450x251.jpg 450w, https:\/\/deberkel.info\/wp-content\/uploads\/2019\/10\/PubliekPresentatie20190627-450x251-300x167.jpg 300w\" sizes=\"auto, (max-width: 450px) 100vw, 450px\" \/><\/p>\n<p>Es ist die Absicht die Berkel Klimasicher zu machen durch ein smalleres Sommerbett f\u00fcr mehr Struktur und Str\u00f6mungsvariation zu schaffen und en ein breiteres Winterbett damit Wasser langsamer abtransportiert werden kann und zeitweilig gespeichert.<br \/>\nAuch hat man vor an mehreren Stellen <span class=\"deel4\">Kaskaden<\/span> zu machen damit die Berkel mehr <span class=\"deel4\">stufenweise<\/span> hoch geht mit den Kaien von Lochem bis Borculo.<br \/>\nDiese <span class=\"deel4\">Kaskaden<\/span> werden passierbar sein f\u00fcr Fische und Kanus.<br \/>\nAusgangspunkt ist das Ackerland bleibt.<\/p>\n<p>Sehe <a href=\"https:\/\/www.wrij.nl\/thema\/actueel\/projecten\/actuele-projecten\/beleef-berkel-almen\/nieuws\/sfeerverslag\/\" target=\"_blank\" rel=\"noopener noreferrer\">hier<\/a> ein Protokoll auf der Webseite von WRIJ.<br \/>\nUnd hierunter kann die gezeigte Pr\u00e4sentation durchschaut werden.<\/p>\n<a href=\"\/wp-content\/uploads\/2019\/10\/BeleefDeBerkel-190624_de_berkel_publieks_presentatie_wrij.pdf\" class=\"pdfemb-viewer\" style=\"width: 800px; \" data-width=\"800\" data-height=\"max\" data-mobile-width=\"500\"  data-scrollbar=\"none\" data-download=\"on\" data-tracking=\"on\" data-newwindow=\"on\" data-pagetextbox=\"off\" data-scrolltotop=\"off\" data-startzoom=\"100\" data-startfpzoom=\"100\" data-toolbar=\"both\" data-toolbar-fixed=\"on\">BeleefDeBerkel-190624_de_berkel_publieks_presentatie_wrij<br\/><\/a>\n","protected":false},"excerpt":{"rendered":"<p>Na 3 bijeenkomsten voor overleg met betrokkenen om te komen tot een visie op een vernieuwde Berkel tussen Borculo en Lochem zijn op 27 juni de resultaten van deze verkenning gepresenteerd bij de Melktap in Geesteren <a href=\"https:\/\/deberkel.info\/de\/vision-anpassung-berkel-borculo-lochem-prasentiert\/\">Weiterlesen <span class=\"meta-nav\">&rarr;<\/span><\/a><\/p>\n","protected":false},"author":1,"featured_media":10918,"comment_status":"closed","ping_status":"closed","sticky":false,"template":"","format":"standard","meta":{"_exactmetrics_skip_tracking":false,"_exactmetrics_sitenote_active":false,"_exactmetrics_sitenote_note":"","_exactmetrics_sitenote_category":0,"ngg_post_thumbnail":0,"_locale":"de_DE","_original_post":"10914","footnotes":"","_links_to":"","_links_to_target":""},"categories":[125,85,7],"tags":[],"class_list":["post-10924","post","type-post","status-publish","format-standard","has-post-thumbnail","hentry","category-beleef-de-berkel-borculo-almen","category-persberichtenuit2019","category-nieuws","de-DE"],"yoast_head":"<!-- This site is optimized with the Yoast SEO plugin v27.5 - https:\/\/yoast.com\/product\/yoast-seo-wordpress\/ -->\n<title>Vision Anpassung Berkel Borculo - Lochem pr\u00e4sentiert - Berkel Info<\/title>\n<meta name=\"robots\" content=\"index, follow, max-snippet:-1, max-image-preview:large, max-video-preview:-1\" \/>\n<link rel=\"canonical\" href=\"https:\/\/deberkel.info\/de\/vision-anpassung-berkel-borculo-lochem-prasentiert\/\" \/>\n<meta property=\"og:locale\" content=\"de_DE\" \/>\n<meta property=\"og:type\" content=\"article\" \/>\n<meta property=\"og:title\" content=\"Vision Anpassung Berkel Borculo - Lochem pr\u00e4sentiert - Berkel Info\" \/>\n<meta property=\"og:description\" content=\"Na 3 bijeenkomsten voor overleg met betrokkenen om te komen tot een visie op een vernieuwde Berkel tussen Borculo en Lochem zijn op 27 juni de resultaten van deze verkenning gepresenteerd bij de Melktap in Geesteren Weiterlesen &rarr;\" \/>\n<meta property=\"og:url\" content=\"https:\/\/deberkel.info\/de\/vision-anpassung-berkel-borculo-lochem-prasentiert\/\" \/>\n<meta property=\"og:site_name\" content=\"Berkel Info\" \/>\n<meta property=\"article:published_time\" content=\"2019-06-28T11:57:27+00:00\" \/>\n<meta property=\"article:modified_time\" content=\"2019-10-01T11:59:01+00:00\" \/>\n<meta property=\"og:image\" content=\"https:\/\/deberkel.info\/wp-content\/uploads\/2019\/10\/BerkelFoto2Publiekspresentatie20190627-800x417.jpg\" \/>\n\t<meta property=\"og:image:width\" content=\"800\" \/>\n\t<meta property=\"og:image:height\" content=\"417\" \/>\n\t<meta property=\"og:image:type\" content=\"image\/jpeg\" \/>\n<meta name=\"author\" content=\"berkelcompagnie\" \/>\n<meta name=\"twitter:card\" content=\"summary_large_image\" \/>\n<meta name=\"twitter:label1\" content=\"Verfasst von\" \/>\n\t<meta name=\"twitter:data1\" content=\"berkelcompagnie\" \/>\n\t<meta name=\"twitter:label2\" content=\"Gesch\u00e4tzte Lesezeit\" \/>\n\t<meta name=\"twitter:data2\" content=\"1\u00a0Minute\" \/>\n<script type=\"application\/ld+json\" class=\"yoast-schema-graph\">{\"@context\":\"https:\\\/\\\/schema.org\",\"@graph\":[{\"@type\":\"Article\",\"@id\":\"https:\\\/\\\/deberkel.info\\\/de\\\/vision-anpassung-berkel-borculo-lochem-prasentiert\\\/#article\",\"isPartOf\":{\"@id\":\"https:\\\/\\\/deberkel.info\\\/de\\\/vision-anpassung-berkel-borculo-lochem-prasentiert\\\/\"},\"author\":{\"name\":\"berkelcompagnie\",\"@id\":\"https:\\\/\\\/deberkel.info\\\/#\\\/schema\\\/person\\\/68626cffa2cc89382550cfe49c51a4f8\"},\"headline\":\"Vision Anpassung Berkel Borculo &#8211; Lochem pr\u00e4sentiert\",\"datePublished\":\"2019-06-28T11:57:27+00:00\",\"dateModified\":\"2019-10-01T11:59:01+00:00\",\"mainEntityOfPage\":{\"@id\":\"https:\\\/\\\/deberkel.info\\\/de\\\/vision-anpassung-berkel-borculo-lochem-prasentiert\\\/\"},\"wordCount\":166,\"image\":{\"@id\":\"https:\\\/\\\/deberkel.info\\\/de\\\/vision-anpassung-berkel-borculo-lochem-prasentiert\\\/#primaryimage\"},\"thumbnailUrl\":\"https:\\\/\\\/deberkel.info\\\/wp-content\\\/uploads\\\/2019\\\/10\\\/BerkelFoto2Publiekspresentatie20190627-800x417.jpg\",\"articleSection\":[\"Beleef de Berkel: Borculo - Almen\",\"Presseberichte aus 2019\",\"Titelseite Nachrichten\"],\"inLanguage\":\"de\"},{\"@type\":\"WebPage\",\"@id\":\"https:\\\/\\\/deberkel.info\\\/de\\\/vision-anpassung-berkel-borculo-lochem-prasentiert\\\/\",\"url\":\"https:\\\/\\\/deberkel.info\\\/de\\\/vision-anpassung-berkel-borculo-lochem-prasentiert\\\/\",\"name\":\"Vision Anpassung Berkel Borculo - Lochem pr\u00e4sentiert - Berkel Info\",\"isPartOf\":{\"@id\":\"https:\\\/\\\/deberkel.info\\\/#website\"},\"primaryImageOfPage\":{\"@id\":\"https:\\\/\\\/deberkel.info\\\/de\\\/vision-anpassung-berkel-borculo-lochem-prasentiert\\\/#primaryimage\"},\"image\":{\"@id\":\"https:\\\/\\\/deberkel.info\\\/de\\\/vision-anpassung-berkel-borculo-lochem-prasentiert\\\/#primaryimage\"},\"thumbnailUrl\":\"https:\\\/\\\/deberkel.info\\\/wp-content\\\/uploads\\\/2019\\\/10\\\/BerkelFoto2Publiekspresentatie20190627-800x417.jpg\",\"datePublished\":\"2019-06-28T11:57:27+00:00\",\"dateModified\":\"2019-10-01T11:59:01+00:00\",\"author\":{\"@id\":\"https:\\\/\\\/deberkel.info\\\/#\\\/schema\\\/person\\\/68626cffa2cc89382550cfe49c51a4f8\"},\"breadcrumb\":{\"@id\":\"https:\\\/\\\/deberkel.info\\\/de\\\/vision-anpassung-berkel-borculo-lochem-prasentiert\\\/#breadcrumb\"},\"inLanguage\":\"de\",\"potentialAction\":[{\"@type\":\"ReadAction\",\"target\":[\"https:\\\/\\\/deberkel.info\\\/de\\\/vision-anpassung-berkel-borculo-lochem-prasentiert\\\/\"]}]},{\"@type\":\"ImageObject\",\"inLanguage\":\"de\",\"@id\":\"https:\\\/\\\/deberkel.info\\\/de\\\/vision-anpassung-berkel-borculo-lochem-prasentiert\\\/#primaryimage\",\"url\":\"https:\\\/\\\/deberkel.info\\\/wp-content\\\/uploads\\\/2019\\\/10\\\/BerkelFoto2Publiekspresentatie20190627-800x417.jpg\",\"contentUrl\":\"https:\\\/\\\/deberkel.info\\\/wp-content\\\/uploads\\\/2019\\\/10\\\/BerkelFoto2Publiekspresentatie20190627-800x417.jpg\",\"width\":800,\"height\":417},{\"@type\":\"BreadcrumbList\",\"@id\":\"https:\\\/\\\/deberkel.info\\\/de\\\/vision-anpassung-berkel-borculo-lochem-prasentiert\\\/#breadcrumb\",\"itemListElement\":[{\"@type\":\"ListItem\",\"position\":1,\"name\":\"Home\",\"item\":\"https:\\\/\\\/deberkel.info\\\/de\\\/\"},{\"@type\":\"ListItem\",\"position\":2,\"name\":\"Vision Anpassung Berkel Borculo &#8211; Lochem pr\u00e4sentiert\"}]},{\"@type\":\"WebSite\",\"@id\":\"https:\\\/\\\/deberkel.info\\\/#website\",\"url\":\"https:\\\/\\\/deberkel.info\\\/\",\"name\":\"Berkel Info\",\"description\":\"Alles over de Berkel en het Berkeldal, van Billerbeck tot Zutphen\",\"potentialAction\":[{\"@type\":\"SearchAction\",\"target\":{\"@type\":\"EntryPoint\",\"urlTemplate\":\"https:\\\/\\\/deberkel.info\\\/?s={search_term_string}\"},\"query-input\":{\"@type\":\"PropertyValueSpecification\",\"valueRequired\":true,\"valueName\":\"search_term_string\"}}],\"inLanguage\":\"de\"},{\"@type\":\"Person\",\"@id\":\"https:\\\/\\\/deberkel.info\\\/#\\\/schema\\\/person\\\/68626cffa2cc89382550cfe49c51a4f8\",\"name\":\"berkelcompagnie\",\"image\":{\"@type\":\"ImageObject\",\"inLanguage\":\"de\",\"@id\":\"https:\\\/\\\/secure.gravatar.com\\\/avatar\\\/6307c78d195e52619e6aab2303285d5038a965465385ad25ab0f683cf59b649e?s=96&d=mm&r=g\",\"url\":\"https:\\\/\\\/secure.gravatar.com\\\/avatar\\\/6307c78d195e52619e6aab2303285d5038a965465385ad25ab0f683cf59b649e?s=96&d=mm&r=g\",\"contentUrl\":\"https:\\\/\\\/secure.gravatar.com\\\/avatar\\\/6307c78d195e52619e6aab2303285d5038a965465385ad25ab0f683cf59b649e?s=96&d=mm&r=g\",\"caption\":\"berkelcompagnie\"}}]}<\/script>\n<!-- \/ Yoast SEO plugin. -->","yoast_head_json":{"title":"Vision Anpassung Berkel Borculo - Lochem pr\u00e4sentiert - Berkel Info","robots":{"index":"index","follow":"follow","max-snippet":"max-snippet:-1","max-image-preview":"max-image-preview:large","max-video-preview":"max-video-preview:-1"},"canonical":"https:\/\/deberkel.info\/de\/vision-anpassung-berkel-borculo-lochem-prasentiert\/","og_locale":"de_DE","og_type":"article","og_title":"Vision Anpassung Berkel Borculo - Lochem pr\u00e4sentiert - Berkel Info","og_description":"Na 3 bijeenkomsten voor overleg met betrokkenen om te komen tot een visie op een vernieuwde Berkel tussen Borculo en Lochem zijn op 27 juni de resultaten van deze verkenning gepresenteerd bij de Melktap in Geesteren Weiterlesen &rarr;","og_url":"https:\/\/deberkel.info\/de\/vision-anpassung-berkel-borculo-lochem-prasentiert\/","og_site_name":"Berkel Info","article_published_time":"2019-06-28T11:57:27+00:00","article_modified_time":"2019-10-01T11:59:01+00:00","og_image":[{"width":800,"height":417,"url":"https:\/\/deberkel.info\/wp-content\/uploads\/2019\/10\/BerkelFoto2Publiekspresentatie20190627-800x417.jpg","type":"image\/jpeg"}],"author":"berkelcompagnie","twitter_card":"summary_large_image","twitter_misc":{"Verfasst von":"berkelcompagnie","Gesch\u00e4tzte Lesezeit":"1\u00a0Minute"},"schema":{"@context":"https:\/\/schema.org","@graph":[{"@type":"Article","@id":"https:\/\/deberkel.info\/de\/vision-anpassung-berkel-borculo-lochem-prasentiert\/#article","isPartOf":{"@id":"https:\/\/deberkel.info\/de\/vision-anpassung-berkel-borculo-lochem-prasentiert\/"},"author":{"name":"berkelcompagnie","@id":"https:\/\/deberkel.info\/#\/schema\/person\/68626cffa2cc89382550cfe49c51a4f8"},"headline":"Vision Anpassung Berkel Borculo &#8211; Lochem pr\u00e4sentiert","datePublished":"2019-06-28T11:57:27+00:00","dateModified":"2019-10-01T11:59:01+00:00","mainEntityOfPage":{"@id":"https:\/\/deberkel.info\/de\/vision-anpassung-berkel-borculo-lochem-prasentiert\/"},"wordCount":166,"image":{"@id":"https:\/\/deberkel.info\/de\/vision-anpassung-berkel-borculo-lochem-prasentiert\/#primaryimage"},"thumbnailUrl":"https:\/\/deberkel.info\/wp-content\/uploads\/2019\/10\/BerkelFoto2Publiekspresentatie20190627-800x417.jpg","articleSection":["Beleef de Berkel: Borculo - Almen","Presseberichte aus 2019","Titelseite Nachrichten"],"inLanguage":"de"},{"@type":"WebPage","@id":"https:\/\/deberkel.info\/de\/vision-anpassung-berkel-borculo-lochem-prasentiert\/","url":"https:\/\/deberkel.info\/de\/vision-anpassung-berkel-borculo-lochem-prasentiert\/","name":"Vision Anpassung Berkel Borculo - Lochem pr\u00e4sentiert - Berkel Info","isPartOf":{"@id":"https:\/\/deberkel.info\/#website"},"primaryImageOfPage":{"@id":"https:\/\/deberkel.info\/de\/vision-anpassung-berkel-borculo-lochem-prasentiert\/#primaryimage"},"image":{"@id":"https:\/\/deberkel.info\/de\/vision-anpassung-berkel-borculo-lochem-prasentiert\/#primaryimage"},"thumbnailUrl":"https:\/\/deberkel.info\/wp-content\/uploads\/2019\/10\/BerkelFoto2Publiekspresentatie20190627-800x417.jpg","datePublished":"2019-06-28T11:57:27+00:00","dateModified":"2019-10-01T11:59:01+00:00","author":{"@id":"https:\/\/deberkel.info\/#\/schema\/person\/68626cffa2cc89382550cfe49c51a4f8"},"breadcrumb":{"@id":"https:\/\/deberkel.info\/de\/vision-anpassung-berkel-borculo-lochem-prasentiert\/#breadcrumb"},"inLanguage":"de","potentialAction":[{"@type":"ReadAction","target":["https:\/\/deberkel.info\/de\/vision-anpassung-berkel-borculo-lochem-prasentiert\/"]}]},{"@type":"ImageObject","inLanguage":"de","@id":"https:\/\/deberkel.info\/de\/vision-anpassung-berkel-borculo-lochem-prasentiert\/#primaryimage","url":"https:\/\/deberkel.info\/wp-content\/uploads\/2019\/10\/BerkelFoto2Publiekspresentatie20190627-800x417.jpg","contentUrl":"https:\/\/deberkel.info\/wp-content\/uploads\/2019\/10\/BerkelFoto2Publiekspresentatie20190627-800x417.jpg","width":800,"height":417},{"@type":"BreadcrumbList","@id":"https:\/\/deberkel.info\/de\/vision-anpassung-berkel-borculo-lochem-prasentiert\/#breadcrumb","itemListElement":[{"@type":"ListItem","position":1,"name":"Home","item":"https:\/\/deberkel.info\/de\/"},{"@type":"ListItem","position":2,"name":"Vision Anpassung Berkel Borculo &#8211; Lochem pr\u00e4sentiert"}]},{"@type":"WebSite","@id":"https:\/\/deberkel.info\/#website","url":"https:\/\/deberkel.info\/","name":"Berkel Info","description":"Alles over de Berkel en het Berkeldal, van Billerbeck tot Zutphen","potentialAction":[{"@type":"SearchAction","target":{"@type":"EntryPoint","urlTemplate":"https:\/\/deberkel.info\/?s={search_term_string}"},"query-input":{"@type":"PropertyValueSpecification","valueRequired":true,"valueName":"search_term_string"}}],"inLanguage":"de"},{"@type":"Person","@id":"https:\/\/deberkel.info\/#\/schema\/person\/68626cffa2cc89382550cfe49c51a4f8","name":"berkelcompagnie","image":{"@type":"ImageObject","inLanguage":"de","@id":"https:\/\/secure.gravatar.com\/avatar\/6307c78d195e52619e6aab2303285d5038a965465385ad25ab0f683cf59b649e?s=96&d=mm&r=g","url":"https:\/\/secure.gravatar.com\/avatar\/6307c78d195e52619e6aab2303285d5038a965465385ad25ab0f683cf59b649e?s=96&d=mm&r=g","contentUrl":"https:\/\/secure.gravatar.com\/avatar\/6307c78d195e52619e6aab2303285d5038a965465385ad25ab0f683cf59b649e?s=96&d=mm&r=g","caption":"berkelcompagnie"}}]}},"rttpg_featured_image_url":{"full":["https:\/\/deberkel.info\/wp-content\/uploads\/2019\/10\/BerkelFoto2Publiekspresentatie20190627-800x417.jpg",800,417,false],"landscape":["https:\/\/deberkel.info\/wp-content\/uploads\/2019\/10\/BerkelFoto2Publiekspresentatie20190627-800x417.jpg",800,417,false],"portraits":["https:\/\/deberkel.info\/wp-content\/uploads\/2019\/10\/BerkelFoto2Publiekspresentatie20190627-800x417.jpg",800,417,false],"thumbnail":["https:\/\/deberkel.info\/wp-content\/uploads\/2019\/10\/BerkelFoto2Publiekspresentatie20190627-800x417-150x150.jpg",150,150,true],"medium":["https:\/\/deberkel.info\/wp-content\/uploads\/2019\/10\/BerkelFoto2Publiekspresentatie20190627-800x417-300x156.jpg",300,156,true],"large":["https:\/\/deberkel.info\/wp-content\/uploads\/2019\/10\/BerkelFoto2Publiekspresentatie20190627-800x417.jpg",584,304,false],"1536x1536":["https:\/\/deberkel.info\/wp-content\/uploads\/2019\/10\/BerkelFoto2Publiekspresentatie20190627-800x417.jpg",800,417,false],"2048x2048":["https:\/\/deberkel.info\/wp-content\/uploads\/2019\/10\/BerkelFoto2Publiekspresentatie20190627-800x417.jpg",800,417,false],"post-thumbnail":["https:\/\/deberkel.info\/wp-content\/uploads\/2019\/10\/BerkelFoto2Publiekspresentatie20190627-800x417-800x288.jpg",800,288,true],"large-feature":["https:\/\/deberkel.info\/wp-content\/uploads\/2019\/10\/BerkelFoto2Publiekspresentatie20190627-800x417-800x288.jpg",800,288,true],"small-feature":["https:\/\/deberkel.info\/wp-content\/uploads\/2019\/10\/BerkelFoto2Publiekspresentatie20190627-800x417-500x261.jpg",500,261,true]},"rttpg_author":{"display_name":"berkelcompagnie","author_link":"https:\/\/deberkel.info\/author\/berkelcompagnie\/"},"rttpg_comment":0,"rttpg_category":"<a href=\"https:\/\/deberkel.info\/de\/berichtenlijsten\/beleef-de-berkel-borculo-almen\/\" rel=\"category tag\">Beleef de Berkel: Borculo - Almen<\/a> <a href=\"https:\/\/deberkel.info\/de\/persberichtenuit2019\/\" rel=\"category tag\">Presseberichte aus 2019<\/a> <a href=\"https:\/\/deberkel.info\/de\/nieuws\/\" rel=\"category tag\">Titelseite Nachrichten<\/a>","rttpg_excerpt":"Na 3 bijeenkomsten voor overleg met betrokkenen om te komen tot een visie op een vernieuwde Berkel tussen Borculo en Lochem zijn op 27 juni de resultaten van deze verkenning gepresenteerd bij de Melktap in Geesteren Weiterlesen &rarr;","_links":{"self":[{"href":"https:\/\/deberkel.info\/wp-json\/wp\/v2\/posts\/10924","targetHints":{"allow":["GET"]}}],"collection":[{"href":"https:\/\/deberkel.info\/wp-json\/wp\/v2\/posts"}],"about":[{"href":"https:\/\/deberkel.info\/wp-json\/wp\/v2\/types\/post"}],"author":[{"embeddable":true,"href":"https:\/\/deberkel.info\/wp-json\/wp\/v2\/users\/1"}],"replies":[{"embeddable":true,"href":"https:\/\/deberkel.info\/wp-json\/wp\/v2\/comments?post=10924"}],"version-history":[{"count":3,"href":"https:\/\/deberkel.info\/wp-json\/wp\/v2\/posts\/10924\/revisions"}],"predecessor-version":[{"id":10928,"href":"https:\/\/deberkel.info\/wp-json\/wp\/v2\/posts\/10924\/revisions\/10928"}],"wp:featuredmedia":[{"embeddable":true,"href":"https:\/\/deberkel.info\/wp-json\/wp\/v2\/media\/10918"}],"wp:attachment":[{"href":"https:\/\/deberkel.info\/wp-json\/wp\/v2\/media?parent=10924"}],"wp:term":[{"taxonomy":"category","embeddable":true,"href":"https:\/\/deberkel.info\/wp-json\/wp\/v2\/categories?post=10924"},{"taxonomy":"post_tag","embeddable":true,"href":"https:\/\/deberkel.info\/wp-json\/wp\/v2\/tags?post=10924"}],"curies":[{"name":"wp","href":"https:\/\/api.w.org\/{rel}","templated":true}]}}