{"id":11918,"date":"2020-03-12T13:27:00","date_gmt":"2020-03-12T13:27:00","guid":{"rendered":"http:\/\/deberkel.info\/?p=11918"},"modified":"2020-04-29T19:31:06","modified_gmt":"2020-04-29T19:31:06","slug":"berkel-windmuehlen-noch-keine-beschlossene-sache","status":"publish","type":"post","link":"https:\/\/deberkel.info\/de\/berkel-windmuehlen-noch-keine-beschlossene-sache\/","title":{"rendered":"Nieuws Uit Berkelland: Windm\u00fchlen enlang der Berkel noch keine beschlossene Sache"},"content":{"rendered":"<p><a href=\"\/wp-content\/uploads\/2020\/03\/BerkelmolensNubFoto-600x365-1.jpeg\"><img loading=\"lazy\" decoding=\"async\" class=\"alignnone size-full wp-image-11915\" src=\"\/wp-content\/uploads\/2020\/03\/BerkelmolensNubFoto-600x365-1.jpeg\" alt=\"\" width=\"600\" height=\"365\" srcset=\"https:\/\/deberkel.info\/wp-content\/uploads\/2020\/03\/BerkelmolensNubFoto-600x365-1.jpeg 600w, https:\/\/deberkel.info\/wp-content\/uploads\/2020\/03\/BerkelmolensNubFoto-600x365-1-300x183.jpeg 300w, https:\/\/deberkel.info\/wp-content\/uploads\/2020\/03\/BerkelmolensNubFoto-600x365-1-493x300.jpeg 493w\" sizes=\"auto, (max-width: 600px) 100vw, 600px\" \/><\/a><br \/>\nNachdem Tubantia am 7. M\u00e4rz 2020 meldete das Windm\u00fchlen entlang der Berkel und Bolksbeek geplant werden berichtet <a href=\"https:\/\/www.nieuwsuitberkelland.nl\/2020\/03\/windmolens-in-berkelland-nog-geen-uitgemaakte-zaak\/\" target=\"_blank\" rel=\"noopener noreferrer\">Nieuws Uit Berkelland<\/a> am 10. M\u00e4rz das es noch keine beschlossene Sache ist.<\/p>\n<p><a href=\"\/wp-content\/uploads\/2020\/03\/BerkelmolensNub-1200x2769-1-scaled.jpeg\"><img loading=\"lazy\" decoding=\"async\" class=\"alignnone wp-image-11914\" src=\"\/wp-content\/uploads\/2020\/03\/BerkelmolensNub-1200x2769-1-scaled.jpeg\" alt=\"\" width=\"600\" height=\"1398\" srcset=\"https:\/\/deberkel.info\/wp-content\/uploads\/2020\/03\/BerkelmolensNub-1200x2769-1-scaled.jpeg 1099w, https:\/\/deberkel.info\/wp-content\/uploads\/2020\/03\/BerkelmolensNub-1200x2769-1-129x300.jpeg 129w, https:\/\/deberkel.info\/wp-content\/uploads\/2020\/03\/BerkelmolensNub-1200x2769-1-439x1024.jpeg 439w, https:\/\/deberkel.info\/wp-content\/uploads\/2020\/03\/BerkelmolensNub-1200x2769-1-768x1789.jpeg 768w, https:\/\/deberkel.info\/wp-content\/uploads\/2020\/03\/BerkelmolensNub-1200x2769-1-659x1536.jpeg 659w, https:\/\/deberkel.info\/wp-content\/uploads\/2020\/03\/BerkelmolensNub-1200x2769-1-879x2048.jpeg 879w\" sizes=\"auto, (max-width: 600px) 100vw, 600px\" \/><\/a><\/p>\n","protected":false},"excerpt":{"rendered":"<p>Nieuws uit Berkelland am 10. M\u00e4rz: Windm\u00fchlen entlang Berkel und Bolksbeek noch keine beschlossene Sache <a href=\"https:\/\/deberkel.info\/de\/berkel-windmuehlen-noch-keine-beschlossene-sache\/\">Weiterlesen <span class=\"meta-nav\">&rarr;<\/span><\/a><\/p>\n","protected":false},"author":1,"featured_media":11915,"comment_status":"closed","ping_status":"closed","sticky":false,"template":"","format":"standard","meta":{"_exactmetrics_skip_tracking":false,"_exactmetrics_sitenote_active":false,"_exactmetrics_sitenote_note":"","_exactmetrics_sitenote_category":0,"ngg_post_thumbnail":0,"_locale":"de_DE","_original_post":"https:\/\/berkelcompagnie.com\/?p=11913","footnotes":"","_links_to":"","_links_to_target":""},"categories":[133,129,7],"tags":[],"class_list":["post-11918","post","type-post","status-publish","format-standard","has-post-thumbnail","hentry","category-eerstvolgende-nieuwsbrief-berichten","category-persberichtenuit2020","category-nieuws","de-DE"],"yoast_head":"<!-- This site is optimized with the Yoast SEO plugin v27.5 - https:\/\/yoast.com\/product\/yoast-seo-wordpress\/ -->\n<title>Nieuws Uit Berkelland: Windm\u00fchlen enlang der Berkel noch keine beschlossene Sache - Berkel Info<\/title>\n<meta name=\"robots\" content=\"index, follow, max-snippet:-1, max-image-preview:large, max-video-preview:-1\" \/>\n<link rel=\"canonical\" href=\"https:\/\/deberkel.info\/de\/berkel-windmuehlen-noch-keine-beschlossene-sache\/\" \/>\n<meta property=\"og:locale\" content=\"de_DE\" \/>\n<meta property=\"og:type\" content=\"article\" \/>\n<meta property=\"og:title\" content=\"Nieuws Uit Berkelland: Windm\u00fchlen enlang der Berkel noch keine beschlossene Sache - Berkel Info\" \/>\n<meta property=\"og:description\" content=\"Nieuws uit Berkelland am 10. M\u00e4rz: Windm\u00fchlen entlang Berkel und Bolksbeek noch keine beschlossene Sache Weiterlesen &rarr;\" \/>\n<meta property=\"og:url\" content=\"https:\/\/deberkel.info\/de\/berkel-windmuehlen-noch-keine-beschlossene-sache\/\" \/>\n<meta property=\"og:site_name\" content=\"Berkel Info\" \/>\n<meta property=\"article:published_time\" content=\"2020-03-12T13:27:00+00:00\" \/>\n<meta property=\"article:modified_time\" content=\"2020-04-29T19:31:06+00:00\" \/>\n<meta property=\"og:image\" content=\"https:\/\/deberkel.info\/wp-content\/uploads\/2020\/03\/BerkelmolensNubFoto-600x365-1.jpeg\" \/>\n\t<meta property=\"og:image:width\" content=\"600\" \/>\n\t<meta property=\"og:image:height\" content=\"365\" \/>\n\t<meta property=\"og:image:type\" content=\"image\/jpeg\" \/>\n<meta name=\"author\" content=\"berkelcompagnie\" \/>\n<meta name=\"twitter:card\" content=\"summary_large_image\" \/>\n<meta name=\"twitter:label1\" content=\"Verfasst von\" \/>\n\t<meta name=\"twitter:data1\" content=\"berkelcompagnie\" \/>\n<script type=\"application\/ld+json\" class=\"yoast-schema-graph\">{\"@context\":\"https:\\\/\\\/schema.org\",\"@graph\":[{\"@type\":\"Article\",\"@id\":\"https:\\\/\\\/deberkel.info\\\/de\\\/berkel-windmuehlen-noch-keine-beschlossene-sache\\\/#article\",\"isPartOf\":{\"@id\":\"https:\\\/\\\/deberkel.info\\\/de\\\/berkel-windmuehlen-noch-keine-beschlossene-sache\\\/\"},\"author\":{\"name\":\"berkelcompagnie\",\"@id\":\"https:\\\/\\\/deberkel.info\\\/#\\\/schema\\\/person\\\/68626cffa2cc89382550cfe49c51a4f8\"},\"headline\":\"Nieuws Uit Berkelland: Windm\u00fchlen enlang der Berkel noch keine beschlossene Sache\",\"datePublished\":\"2020-03-12T13:27:00+00:00\",\"dateModified\":\"2020-04-29T19:31:06+00:00\",\"mainEntityOfPage\":{\"@id\":\"https:\\\/\\\/deberkel.info\\\/de\\\/berkel-windmuehlen-noch-keine-beschlossene-sache\\\/\"},\"wordCount\":42,\"image\":{\"@id\":\"https:\\\/\\\/deberkel.info\\\/de\\\/berkel-windmuehlen-noch-keine-beschlossene-sache\\\/#primaryimage\"},\"thumbnailUrl\":\"https:\\\/\\\/deberkel.info\\\/wp-content\\\/uploads\\\/2020\\\/03\\\/BerkelmolensNubFoto-600x365-1.jpeg\",\"articleSection\":[\"Eerstvolgende Nieuwsbrief Berichten\",\"Persberichten uit 2020\",\"Titelseite Nachrichten\"],\"inLanguage\":\"de\"},{\"@type\":\"WebPage\",\"@id\":\"https:\\\/\\\/deberkel.info\\\/de\\\/berkel-windmuehlen-noch-keine-beschlossene-sache\\\/\",\"url\":\"https:\\\/\\\/deberkel.info\\\/de\\\/berkel-windmuehlen-noch-keine-beschlossene-sache\\\/\",\"name\":\"Nieuws Uit Berkelland: Windm\u00fchlen enlang der Berkel noch keine beschlossene Sache - Berkel Info\",\"isPartOf\":{\"@id\":\"https:\\\/\\\/deberkel.info\\\/#website\"},\"primaryImageOfPage\":{\"@id\":\"https:\\\/\\\/deberkel.info\\\/de\\\/berkel-windmuehlen-noch-keine-beschlossene-sache\\\/#primaryimage\"},\"image\":{\"@id\":\"https:\\\/\\\/deberkel.info\\\/de\\\/berkel-windmuehlen-noch-keine-beschlossene-sache\\\/#primaryimage\"},\"thumbnailUrl\":\"https:\\\/\\\/deberkel.info\\\/wp-content\\\/uploads\\\/2020\\\/03\\\/BerkelmolensNubFoto-600x365-1.jpeg\",\"datePublished\":\"2020-03-12T13:27:00+00:00\",\"dateModified\":\"2020-04-29T19:31:06+00:00\",\"author\":{\"@id\":\"https:\\\/\\\/deberkel.info\\\/#\\\/schema\\\/person\\\/68626cffa2cc89382550cfe49c51a4f8\"},\"breadcrumb\":{\"@id\":\"https:\\\/\\\/deberkel.info\\\/de\\\/berkel-windmuehlen-noch-keine-beschlossene-sache\\\/#breadcrumb\"},\"inLanguage\":\"de\",\"potentialAction\":[{\"@type\":\"ReadAction\",\"target\":[\"https:\\\/\\\/deberkel.info\\\/de\\\/berkel-windmuehlen-noch-keine-beschlossene-sache\\\/\"]}]},{\"@type\":\"ImageObject\",\"inLanguage\":\"de\",\"@id\":\"https:\\\/\\\/deberkel.info\\\/de\\\/berkel-windmuehlen-noch-keine-beschlossene-sache\\\/#primaryimage\",\"url\":\"https:\\\/\\\/deberkel.info\\\/wp-content\\\/uploads\\\/2020\\\/03\\\/BerkelmolensNubFoto-600x365-1.jpeg\",\"contentUrl\":\"https:\\\/\\\/deberkel.info\\\/wp-content\\\/uploads\\\/2020\\\/03\\\/BerkelmolensNubFoto-600x365-1.jpeg\",\"width\":600,\"height\":365},{\"@type\":\"BreadcrumbList\",\"@id\":\"https:\\\/\\\/deberkel.info\\\/de\\\/berkel-windmuehlen-noch-keine-beschlossene-sache\\\/#breadcrumb\",\"itemListElement\":[{\"@type\":\"ListItem\",\"position\":1,\"name\":\"Home\",\"item\":\"https:\\\/\\\/deberkel.info\\\/de\\\/\"},{\"@type\":\"ListItem\",\"position\":2,\"name\":\"Nieuws Uit Berkelland: Windm\u00fchlen enlang der Berkel noch keine beschlossene Sache\"}]},{\"@type\":\"WebSite\",\"@id\":\"https:\\\/\\\/deberkel.info\\\/#website\",\"url\":\"https:\\\/\\\/deberkel.info\\\/\",\"name\":\"Berkel Info\",\"description\":\"Alles over de Berkel en het Berkeldal, van Billerbeck tot Zutphen\",\"potentialAction\":[{\"@type\":\"SearchAction\",\"target\":{\"@type\":\"EntryPoint\",\"urlTemplate\":\"https:\\\/\\\/deberkel.info\\\/?s={search_term_string}\"},\"query-input\":{\"@type\":\"PropertyValueSpecification\",\"valueRequired\":true,\"valueName\":\"search_term_string\"}}],\"inLanguage\":\"de\"},{\"@type\":\"Person\",\"@id\":\"https:\\\/\\\/deberkel.info\\\/#\\\/schema\\\/person\\\/68626cffa2cc89382550cfe49c51a4f8\",\"name\":\"berkelcompagnie\",\"image\":{\"@type\":\"ImageObject\",\"inLanguage\":\"de\",\"@id\":\"https:\\\/\\\/secure.gravatar.com\\\/avatar\\\/6307c78d195e52619e6aab2303285d5038a965465385ad25ab0f683cf59b649e?s=96&d=mm&r=g\",\"url\":\"https:\\\/\\\/secure.gravatar.com\\\/avatar\\\/6307c78d195e52619e6aab2303285d5038a965465385ad25ab0f683cf59b649e?s=96&d=mm&r=g\",\"contentUrl\":\"https:\\\/\\\/secure.gravatar.com\\\/avatar\\\/6307c78d195e52619e6aab2303285d5038a965465385ad25ab0f683cf59b649e?s=96&d=mm&r=g\",\"caption\":\"berkelcompagnie\"}}]}<\/script>\n<!-- \/ Yoast SEO plugin. -->","yoast_head_json":{"title":"Nieuws Uit Berkelland: Windm\u00fchlen enlang der Berkel noch keine beschlossene Sache - Berkel Info","robots":{"index":"index","follow":"follow","max-snippet":"max-snippet:-1","max-image-preview":"max-image-preview:large","max-video-preview":"max-video-preview:-1"},"canonical":"https:\/\/deberkel.info\/de\/berkel-windmuehlen-noch-keine-beschlossene-sache\/","og_locale":"de_DE","og_type":"article","og_title":"Nieuws Uit Berkelland: Windm\u00fchlen enlang der Berkel noch keine beschlossene Sache - Berkel Info","og_description":"Nieuws uit Berkelland am 10. M\u00e4rz: Windm\u00fchlen entlang Berkel und Bolksbeek noch keine beschlossene Sache Weiterlesen &rarr;","og_url":"https:\/\/deberkel.info\/de\/berkel-windmuehlen-noch-keine-beschlossene-sache\/","og_site_name":"Berkel Info","article_published_time":"2020-03-12T13:27:00+00:00","article_modified_time":"2020-04-29T19:31:06+00:00","og_image":[{"width":600,"height":365,"url":"https:\/\/deberkel.info\/wp-content\/uploads\/2020\/03\/BerkelmolensNubFoto-600x365-1.jpeg","type":"image\/jpeg"}],"author":"berkelcompagnie","twitter_card":"summary_large_image","twitter_misc":{"Verfasst von":"berkelcompagnie"},"schema":{"@context":"https:\/\/schema.org","@graph":[{"@type":"Article","@id":"https:\/\/deberkel.info\/de\/berkel-windmuehlen-noch-keine-beschlossene-sache\/#article","isPartOf":{"@id":"https:\/\/deberkel.info\/de\/berkel-windmuehlen-noch-keine-beschlossene-sache\/"},"author":{"name":"berkelcompagnie","@id":"https:\/\/deberkel.info\/#\/schema\/person\/68626cffa2cc89382550cfe49c51a4f8"},"headline":"Nieuws Uit Berkelland: Windm\u00fchlen enlang der Berkel noch keine beschlossene Sache","datePublished":"2020-03-12T13:27:00+00:00","dateModified":"2020-04-29T19:31:06+00:00","mainEntityOfPage":{"@id":"https:\/\/deberkel.info\/de\/berkel-windmuehlen-noch-keine-beschlossene-sache\/"},"wordCount":42,"image":{"@id":"https:\/\/deberkel.info\/de\/berkel-windmuehlen-noch-keine-beschlossene-sache\/#primaryimage"},"thumbnailUrl":"https:\/\/deberkel.info\/wp-content\/uploads\/2020\/03\/BerkelmolensNubFoto-600x365-1.jpeg","articleSection":["Eerstvolgende Nieuwsbrief Berichten","Persberichten uit 2020","Titelseite Nachrichten"],"inLanguage":"de"},{"@type":"WebPage","@id":"https:\/\/deberkel.info\/de\/berkel-windmuehlen-noch-keine-beschlossene-sache\/","url":"https:\/\/deberkel.info\/de\/berkel-windmuehlen-noch-keine-beschlossene-sache\/","name":"Nieuws Uit Berkelland: Windm\u00fchlen enlang der Berkel noch keine beschlossene Sache - Berkel Info","isPartOf":{"@id":"https:\/\/deberkel.info\/#website"},"primaryImageOfPage":{"@id":"https:\/\/deberkel.info\/de\/berkel-windmuehlen-noch-keine-beschlossene-sache\/#primaryimage"},"image":{"@id":"https:\/\/deberkel.info\/de\/berkel-windmuehlen-noch-keine-beschlossene-sache\/#primaryimage"},"thumbnailUrl":"https:\/\/deberkel.info\/wp-content\/uploads\/2020\/03\/BerkelmolensNubFoto-600x365-1.jpeg","datePublished":"2020-03-12T13:27:00+00:00","dateModified":"2020-04-29T19:31:06+00:00","author":{"@id":"https:\/\/deberkel.info\/#\/schema\/person\/68626cffa2cc89382550cfe49c51a4f8"},"breadcrumb":{"@id":"https:\/\/deberkel.info\/de\/berkel-windmuehlen-noch-keine-beschlossene-sache\/#breadcrumb"},"inLanguage":"de","potentialAction":[{"@type":"ReadAction","target":["https:\/\/deberkel.info\/de\/berkel-windmuehlen-noch-keine-beschlossene-sache\/"]}]},{"@type":"ImageObject","inLanguage":"de","@id":"https:\/\/deberkel.info\/de\/berkel-windmuehlen-noch-keine-beschlossene-sache\/#primaryimage","url":"https:\/\/deberkel.info\/wp-content\/uploads\/2020\/03\/BerkelmolensNubFoto-600x365-1.jpeg","contentUrl":"https:\/\/deberkel.info\/wp-content\/uploads\/2020\/03\/BerkelmolensNubFoto-600x365-1.jpeg","width":600,"height":365},{"@type":"BreadcrumbList","@id":"https:\/\/deberkel.info\/de\/berkel-windmuehlen-noch-keine-beschlossene-sache\/#breadcrumb","itemListElement":[{"@type":"ListItem","position":1,"name":"Home","item":"https:\/\/deberkel.info\/de\/"},{"@type":"ListItem","position":2,"name":"Nieuws Uit Berkelland: Windm\u00fchlen enlang der Berkel noch keine beschlossene Sache"}]},{"@type":"WebSite","@id":"https:\/\/deberkel.info\/#website","url":"https:\/\/deberkel.info\/","name":"Berkel Info","description":"Alles over de Berkel en het Berkeldal, van Billerbeck tot Zutphen","potentialAction":[{"@type":"SearchAction","target":{"@type":"EntryPoint","urlTemplate":"https:\/\/deberkel.info\/?s={search_term_string}"},"query-input":{"@type":"PropertyValueSpecification","valueRequired":true,"valueName":"search_term_string"}}],"inLanguage":"de"},{"@type":"Person","@id":"https:\/\/deberkel.info\/#\/schema\/person\/68626cffa2cc89382550cfe49c51a4f8","name":"berkelcompagnie","image":{"@type":"ImageObject","inLanguage":"de","@id":"https:\/\/secure.gravatar.com\/avatar\/6307c78d195e52619e6aab2303285d5038a965465385ad25ab0f683cf59b649e?s=96&d=mm&r=g","url":"https:\/\/secure.gravatar.com\/avatar\/6307c78d195e52619e6aab2303285d5038a965465385ad25ab0f683cf59b649e?s=96&d=mm&r=g","contentUrl":"https:\/\/secure.gravatar.com\/avatar\/6307c78d195e52619e6aab2303285d5038a965465385ad25ab0f683cf59b649e?s=96&d=mm&r=g","caption":"berkelcompagnie"}}]}},"rttpg_featured_image_url":{"full":["https:\/\/deberkel.info\/wp-content\/uploads\/2020\/03\/BerkelmolensNubFoto-600x365-1.jpeg",600,365,false],"landscape":["https:\/\/deberkel.info\/wp-content\/uploads\/2020\/03\/BerkelmolensNubFoto-600x365-1.jpeg",600,365,false],"portraits":["https:\/\/deberkel.info\/wp-content\/uploads\/2020\/03\/BerkelmolensNubFoto-600x365-1.jpeg",600,365,false],"thumbnail":["https:\/\/deberkel.info\/wp-content\/uploads\/2020\/03\/BerkelmolensNubFoto-600x365-1-150x150.jpeg",150,150,true],"medium":["https:\/\/deberkel.info\/wp-content\/uploads\/2020\/03\/BerkelmolensNubFoto-600x365-1-300x183.jpeg",300,183,true],"large":["https:\/\/deberkel.info\/wp-content\/uploads\/2020\/03\/BerkelmolensNubFoto-600x365-1.jpeg",584,355,false],"1536x1536":["https:\/\/deberkel.info\/wp-content\/uploads\/2020\/03\/BerkelmolensNubFoto-600x365-1.jpeg",600,365,false],"2048x2048":["https:\/\/deberkel.info\/wp-content\/uploads\/2020\/03\/BerkelmolensNubFoto-600x365-1.jpeg",600,365,false],"post-thumbnail":["https:\/\/deberkel.info\/wp-content\/uploads\/2020\/03\/BerkelmolensNubFoto-600x365-1-600x288.jpeg",600,288,true],"large-feature":["https:\/\/deberkel.info\/wp-content\/uploads\/2020\/03\/BerkelmolensNubFoto-600x365-1-600x288.jpeg",600,288,true],"small-feature":["https:\/\/deberkel.info\/wp-content\/uploads\/2020\/03\/BerkelmolensNubFoto-600x365-1-493x300.jpeg",493,300,true]},"rttpg_author":{"display_name":"berkelcompagnie","author_link":"https:\/\/deberkel.info\/author\/berkelcompagnie\/"},"rttpg_comment":0,"rttpg_category":"<a href=\"https:\/\/deberkel.info\/de\/eerstvolgende-nieuwsbrief-berichten\/\" rel=\"category tag\">Eerstvolgende Nieuwsbrief Berichten<\/a> <a href=\"https:\/\/deberkel.info\/de\/persberichtenuit2020\/\" rel=\"category tag\">Persberichten uit 2020<\/a> <a href=\"https:\/\/deberkel.info\/de\/nieuws\/\" rel=\"category tag\">Titelseite Nachrichten<\/a>","rttpg_excerpt":"Nieuws uit Berkelland am 10. M\u00e4rz: Windm\u00fchlen entlang Berkel und Bolksbeek noch keine beschlossene Sache Weiterlesen &rarr;","_links":{"self":[{"href":"https:\/\/deberkel.info\/wp-json\/wp\/v2\/posts\/11918","targetHints":{"allow":["GET"]}}],"collection":[{"href":"https:\/\/deberkel.info\/wp-json\/wp\/v2\/posts"}],"about":[{"href":"https:\/\/deberkel.info\/wp-json\/wp\/v2\/types\/post"}],"author":[{"embeddable":true,"href":"https:\/\/deberkel.info\/wp-json\/wp\/v2\/users\/1"}],"replies":[{"embeddable":true,"href":"https:\/\/deberkel.info\/wp-json\/wp\/v2\/comments?post=11918"}],"version-history":[{"count":2,"href":"https:\/\/deberkel.info\/wp-json\/wp\/v2\/posts\/11918\/revisions"}],"predecessor-version":[{"id":11920,"href":"https:\/\/deberkel.info\/wp-json\/wp\/v2\/posts\/11918\/revisions\/11920"}],"wp:featuredmedia":[{"embeddable":true,"href":"https:\/\/deberkel.info\/wp-json\/wp\/v2\/media\/11915"}],"wp:attachment":[{"href":"https:\/\/deberkel.info\/wp-json\/wp\/v2\/media?parent=11918"}],"wp:term":[{"taxonomy":"category","embeddable":true,"href":"https:\/\/deberkel.info\/wp-json\/wp\/v2\/categories?post=11918"},{"taxonomy":"post_tag","embeddable":true,"href":"https:\/\/deberkel.info\/wp-json\/wp\/v2\/tags?post=11918"}],"curies":[{"name":"wp","href":"https:\/\/api.w.org\/{rel}","templated":true}]}}