{"id":13221,"date":"2020-07-03T09:38:07","date_gmt":"2020-07-03T09:38:07","guid":{"rendered":"http:\/\/deberkel.info\/?p=13221"},"modified":"2020-07-03T09:38:07","modified_gmt":"2020-07-03T09:38:07","slug":"jahresbericht-2019-freunde-der-3-berkelkompanie","status":"publish","type":"post","link":"https:\/\/deberkel.info\/de\/jahresbericht-2019-freunde-der-3-berkelkompanie\/","title":{"rendered":"Jahresbericht 2019 Freunde der 3. Berkelkompanie"},"content":{"rendered":"<p>Das Jahresbericht der Verein Freunde der 3. Berkelkompanie wie ver\u00f6ffentlicht w\u00e4hrend der Jahresversammlung am 1. Juli 2020 bei Caf\u00e9 Restaurant Kerkemeijer in Borculo:<\/p>\n<a href=\"\/wp-content\/uploads\/2020\/07\/JaarverslagVriendenVanDeBerkelcompagnie2019.pdf\" class=\"pdfemb-viewer\" style=\"width: 800px; \" data-width=\"800\" data-height=\"max\" data-mobile-width=\"500\"  data-scrollbar=\"none\" data-download=\"on\" data-tracking=\"on\" data-newwindow=\"on\" data-pagetextbox=\"off\" data-scrolltotop=\"off\" data-startzoom=\"100\" data-startfpzoom=\"100\" data-toolbar=\"both\" data-toolbar-fixed=\"on\">JaarverslagVriendenVanDeBerkelcompagnie2019<br\/><\/a>\n","protected":false},"excerpt":{"rendered":"<p>Das Jahresbericht der Verein Freunde der 3. Berkelkompanie von 2020 <a href=\"https:\/\/deberkel.info\/de\/jahresbericht-2019-freunde-der-3-berkelkompanie\/\">Weiterlesen <span class=\"meta-nav\">&rarr;<\/span><\/a><\/p>\n","protected":false},"author":1,"featured_media":10714,"comment_status":"closed","ping_status":"closed","sticky":false,"template":"","format":"standard","meta":{"_exactmetrics_skip_tracking":false,"_exactmetrics_sitenote_active":false,"_exactmetrics_sitenote_note":"","_exactmetrics_sitenote_category":0,"ngg_post_thumbnail":0,"_locale":"de_DE","_original_post":"https:\/\/berkelcompagnie.com\/?p=13218","footnotes":"","_links_to":"","_links_to_target":""},"categories":[124],"tags":[],"class_list":["post-13221","post","type-post","status-publish","format-standard","has-post-thumbnail","hentry","category-vriendenberkelcompagniejaarverslagen","de-DE"],"yoast_head":"<!-- This site is optimized with the Yoast SEO plugin v27.5 - https:\/\/yoast.com\/product\/yoast-seo-wordpress\/ -->\n<title>Jahresbericht 2019 Freunde der 3. Berkelkompanie - Berkel Info<\/title>\n<meta name=\"robots\" content=\"index, follow, max-snippet:-1, max-image-preview:large, max-video-preview:-1\" \/>\n<link rel=\"canonical\" href=\"https:\/\/deberkel.info\/de\/jahresbericht-2019-freunde-der-3-berkelkompanie\/\" \/>\n<meta property=\"og:locale\" content=\"de_DE\" \/>\n<meta property=\"og:type\" content=\"article\" \/>\n<meta property=\"og:title\" content=\"Jahresbericht 2019 Freunde der 3. Berkelkompanie - Berkel Info\" \/>\n<meta property=\"og:description\" content=\"Das Jahresbericht der Verein Freunde der 3. Berkelkompanie von 2020 Weiterlesen &rarr;\" \/>\n<meta property=\"og:url\" content=\"https:\/\/deberkel.info\/de\/jahresbericht-2019-freunde-der-3-berkelkompanie\/\" \/>\n<meta property=\"og:site_name\" content=\"Berkel Info\" \/>\n<meta property=\"article:published_time\" content=\"2020-07-03T09:38:07+00:00\" \/>\n<meta property=\"og:image\" content=\"https:\/\/deberkel.info\/wp-content\/uploads\/2017\/04\/Logo3eBerkelcompagnie2-OnderschriftVrienden-640x250.jpg\" \/>\n\t<meta property=\"og:image:width\" content=\"640\" \/>\n\t<meta property=\"og:image:height\" content=\"250\" \/>\n\t<meta property=\"og:image:type\" content=\"image\/jpeg\" \/>\n<meta name=\"author\" content=\"berkelcompagnie\" \/>\n<meta name=\"twitter:card\" content=\"summary_large_image\" \/>\n<meta name=\"twitter:label1\" content=\"Verfasst von\" \/>\n\t<meta name=\"twitter:data1\" content=\"berkelcompagnie\" \/>\n<script type=\"application\/ld+json\" class=\"yoast-schema-graph\">{\"@context\":\"https:\\\/\\\/schema.org\",\"@graph\":[{\"@type\":\"Article\",\"@id\":\"https:\\\/\\\/deberkel.info\\\/de\\\/jahresbericht-2019-freunde-der-3-berkelkompanie\\\/#article\",\"isPartOf\":{\"@id\":\"https:\\\/\\\/deberkel.info\\\/de\\\/jahresbericht-2019-freunde-der-3-berkelkompanie\\\/\"},\"author\":{\"name\":\"berkelcompagnie\",\"@id\":\"https:\\\/\\\/deberkel.info\\\/#\\\/schema\\\/person\\\/68626cffa2cc89382550cfe49c51a4f8\"},\"headline\":\"Jahresbericht 2019 Freunde der 3. Berkelkompanie\",\"datePublished\":\"2020-07-03T09:38:07+00:00\",\"mainEntityOfPage\":{\"@id\":\"https:\\\/\\\/deberkel.info\\\/de\\\/jahresbericht-2019-freunde-der-3-berkelkompanie\\\/\"},\"wordCount\":32,\"image\":{\"@id\":\"https:\\\/\\\/deberkel.info\\\/de\\\/jahresbericht-2019-freunde-der-3-berkelkompanie\\\/#primaryimage\"},\"thumbnailUrl\":\"https:\\\/\\\/deberkel.info\\\/wp-content\\\/uploads\\\/2017\\\/04\\\/Logo3eBerkelcompagnie2-OnderschriftVrienden-640x250.jpg\",\"articleSection\":[\"VriendenBerkelcompagnieJaarverslagen\"],\"inLanguage\":\"de\"},{\"@type\":\"WebPage\",\"@id\":\"https:\\\/\\\/deberkel.info\\\/de\\\/jahresbericht-2019-freunde-der-3-berkelkompanie\\\/\",\"url\":\"https:\\\/\\\/deberkel.info\\\/de\\\/jahresbericht-2019-freunde-der-3-berkelkompanie\\\/\",\"name\":\"Jahresbericht 2019 Freunde der 3. Berkelkompanie - Berkel Info\",\"isPartOf\":{\"@id\":\"https:\\\/\\\/deberkel.info\\\/#website\"},\"primaryImageOfPage\":{\"@id\":\"https:\\\/\\\/deberkel.info\\\/de\\\/jahresbericht-2019-freunde-der-3-berkelkompanie\\\/#primaryimage\"},\"image\":{\"@id\":\"https:\\\/\\\/deberkel.info\\\/de\\\/jahresbericht-2019-freunde-der-3-berkelkompanie\\\/#primaryimage\"},\"thumbnailUrl\":\"https:\\\/\\\/deberkel.info\\\/wp-content\\\/uploads\\\/2017\\\/04\\\/Logo3eBerkelcompagnie2-OnderschriftVrienden-640x250.jpg\",\"datePublished\":\"2020-07-03T09:38:07+00:00\",\"author\":{\"@id\":\"https:\\\/\\\/deberkel.info\\\/#\\\/schema\\\/person\\\/68626cffa2cc89382550cfe49c51a4f8\"},\"breadcrumb\":{\"@id\":\"https:\\\/\\\/deberkel.info\\\/de\\\/jahresbericht-2019-freunde-der-3-berkelkompanie\\\/#breadcrumb\"},\"inLanguage\":\"de\",\"potentialAction\":[{\"@type\":\"ReadAction\",\"target\":[\"https:\\\/\\\/deberkel.info\\\/de\\\/jahresbericht-2019-freunde-der-3-berkelkompanie\\\/\"]}]},{\"@type\":\"ImageObject\",\"inLanguage\":\"de\",\"@id\":\"https:\\\/\\\/deberkel.info\\\/de\\\/jahresbericht-2019-freunde-der-3-berkelkompanie\\\/#primaryimage\",\"url\":\"https:\\\/\\\/deberkel.info\\\/wp-content\\\/uploads\\\/2017\\\/04\\\/Logo3eBerkelcompagnie2-OnderschriftVrienden-640x250.jpg\",\"contentUrl\":\"https:\\\/\\\/deberkel.info\\\/wp-content\\\/uploads\\\/2017\\\/04\\\/Logo3eBerkelcompagnie2-OnderschriftVrienden-640x250.jpg\",\"width\":640,\"height\":250},{\"@type\":\"BreadcrumbList\",\"@id\":\"https:\\\/\\\/deberkel.info\\\/de\\\/jahresbericht-2019-freunde-der-3-berkelkompanie\\\/#breadcrumb\",\"itemListElement\":[{\"@type\":\"ListItem\",\"position\":1,\"name\":\"Home\",\"item\":\"https:\\\/\\\/deberkel.info\\\/de\\\/\"},{\"@type\":\"ListItem\",\"position\":2,\"name\":\"Jahresbericht 2019 Freunde der 3. Berkelkompanie\"}]},{\"@type\":\"WebSite\",\"@id\":\"https:\\\/\\\/deberkel.info\\\/#website\",\"url\":\"https:\\\/\\\/deberkel.info\\\/\",\"name\":\"Berkel Info\",\"description\":\"Alles over de Berkel en het Berkeldal, van Billerbeck tot Zutphen\",\"potentialAction\":[{\"@type\":\"SearchAction\",\"target\":{\"@type\":\"EntryPoint\",\"urlTemplate\":\"https:\\\/\\\/deberkel.info\\\/?s={search_term_string}\"},\"query-input\":{\"@type\":\"PropertyValueSpecification\",\"valueRequired\":true,\"valueName\":\"search_term_string\"}}],\"inLanguage\":\"de\"},{\"@type\":\"Person\",\"@id\":\"https:\\\/\\\/deberkel.info\\\/#\\\/schema\\\/person\\\/68626cffa2cc89382550cfe49c51a4f8\",\"name\":\"berkelcompagnie\",\"image\":{\"@type\":\"ImageObject\",\"inLanguage\":\"de\",\"@id\":\"https:\\\/\\\/secure.gravatar.com\\\/avatar\\\/6307c78d195e52619e6aab2303285d5038a965465385ad25ab0f683cf59b649e?s=96&d=mm&r=g\",\"url\":\"https:\\\/\\\/secure.gravatar.com\\\/avatar\\\/6307c78d195e52619e6aab2303285d5038a965465385ad25ab0f683cf59b649e?s=96&d=mm&r=g\",\"contentUrl\":\"https:\\\/\\\/secure.gravatar.com\\\/avatar\\\/6307c78d195e52619e6aab2303285d5038a965465385ad25ab0f683cf59b649e?s=96&d=mm&r=g\",\"caption\":\"berkelcompagnie\"}}]}<\/script>\n<!-- \/ Yoast SEO plugin. -->","yoast_head_json":{"title":"Jahresbericht 2019 Freunde der 3. Berkelkompanie - Berkel Info","robots":{"index":"index","follow":"follow","max-snippet":"max-snippet:-1","max-image-preview":"max-image-preview:large","max-video-preview":"max-video-preview:-1"},"canonical":"https:\/\/deberkel.info\/de\/jahresbericht-2019-freunde-der-3-berkelkompanie\/","og_locale":"de_DE","og_type":"article","og_title":"Jahresbericht 2019 Freunde der 3. Berkelkompanie - Berkel Info","og_description":"Das Jahresbericht der Verein Freunde der 3. Berkelkompanie von 2020 Weiterlesen &rarr;","og_url":"https:\/\/deberkel.info\/de\/jahresbericht-2019-freunde-der-3-berkelkompanie\/","og_site_name":"Berkel Info","article_published_time":"2020-07-03T09:38:07+00:00","og_image":[{"width":640,"height":250,"url":"https:\/\/deberkel.info\/wp-content\/uploads\/2017\/04\/Logo3eBerkelcompagnie2-OnderschriftVrienden-640x250.jpg","type":"image\/jpeg"}],"author":"berkelcompagnie","twitter_card":"summary_large_image","twitter_misc":{"Verfasst von":"berkelcompagnie"},"schema":{"@context":"https:\/\/schema.org","@graph":[{"@type":"Article","@id":"https:\/\/deberkel.info\/de\/jahresbericht-2019-freunde-der-3-berkelkompanie\/#article","isPartOf":{"@id":"https:\/\/deberkel.info\/de\/jahresbericht-2019-freunde-der-3-berkelkompanie\/"},"author":{"name":"berkelcompagnie","@id":"https:\/\/deberkel.info\/#\/schema\/person\/68626cffa2cc89382550cfe49c51a4f8"},"headline":"Jahresbericht 2019 Freunde der 3. Berkelkompanie","datePublished":"2020-07-03T09:38:07+00:00","mainEntityOfPage":{"@id":"https:\/\/deberkel.info\/de\/jahresbericht-2019-freunde-der-3-berkelkompanie\/"},"wordCount":32,"image":{"@id":"https:\/\/deberkel.info\/de\/jahresbericht-2019-freunde-der-3-berkelkompanie\/#primaryimage"},"thumbnailUrl":"https:\/\/deberkel.info\/wp-content\/uploads\/2017\/04\/Logo3eBerkelcompagnie2-OnderschriftVrienden-640x250.jpg","articleSection":["VriendenBerkelcompagnieJaarverslagen"],"inLanguage":"de"},{"@type":"WebPage","@id":"https:\/\/deberkel.info\/de\/jahresbericht-2019-freunde-der-3-berkelkompanie\/","url":"https:\/\/deberkel.info\/de\/jahresbericht-2019-freunde-der-3-berkelkompanie\/","name":"Jahresbericht 2019 Freunde der 3. Berkelkompanie - Berkel Info","isPartOf":{"@id":"https:\/\/deberkel.info\/#website"},"primaryImageOfPage":{"@id":"https:\/\/deberkel.info\/de\/jahresbericht-2019-freunde-der-3-berkelkompanie\/#primaryimage"},"image":{"@id":"https:\/\/deberkel.info\/de\/jahresbericht-2019-freunde-der-3-berkelkompanie\/#primaryimage"},"thumbnailUrl":"https:\/\/deberkel.info\/wp-content\/uploads\/2017\/04\/Logo3eBerkelcompagnie2-OnderschriftVrienden-640x250.jpg","datePublished":"2020-07-03T09:38:07+00:00","author":{"@id":"https:\/\/deberkel.info\/#\/schema\/person\/68626cffa2cc89382550cfe49c51a4f8"},"breadcrumb":{"@id":"https:\/\/deberkel.info\/de\/jahresbericht-2019-freunde-der-3-berkelkompanie\/#breadcrumb"},"inLanguage":"de","potentialAction":[{"@type":"ReadAction","target":["https:\/\/deberkel.info\/de\/jahresbericht-2019-freunde-der-3-berkelkompanie\/"]}]},{"@type":"ImageObject","inLanguage":"de","@id":"https:\/\/deberkel.info\/de\/jahresbericht-2019-freunde-der-3-berkelkompanie\/#primaryimage","url":"https:\/\/deberkel.info\/wp-content\/uploads\/2017\/04\/Logo3eBerkelcompagnie2-OnderschriftVrienden-640x250.jpg","contentUrl":"https:\/\/deberkel.info\/wp-content\/uploads\/2017\/04\/Logo3eBerkelcompagnie2-OnderschriftVrienden-640x250.jpg","width":640,"height":250},{"@type":"BreadcrumbList","@id":"https:\/\/deberkel.info\/de\/jahresbericht-2019-freunde-der-3-berkelkompanie\/#breadcrumb","itemListElement":[{"@type":"ListItem","position":1,"name":"Home","item":"https:\/\/deberkel.info\/de\/"},{"@type":"ListItem","position":2,"name":"Jahresbericht 2019 Freunde der 3. Berkelkompanie"}]},{"@type":"WebSite","@id":"https:\/\/deberkel.info\/#website","url":"https:\/\/deberkel.info\/","name":"Berkel Info","description":"Alles over de Berkel en het Berkeldal, van Billerbeck tot Zutphen","potentialAction":[{"@type":"SearchAction","target":{"@type":"EntryPoint","urlTemplate":"https:\/\/deberkel.info\/?s={search_term_string}"},"query-input":{"@type":"PropertyValueSpecification","valueRequired":true,"valueName":"search_term_string"}}],"inLanguage":"de"},{"@type":"Person","@id":"https:\/\/deberkel.info\/#\/schema\/person\/68626cffa2cc89382550cfe49c51a4f8","name":"berkelcompagnie","image":{"@type":"ImageObject","inLanguage":"de","@id":"https:\/\/secure.gravatar.com\/avatar\/6307c78d195e52619e6aab2303285d5038a965465385ad25ab0f683cf59b649e?s=96&d=mm&r=g","url":"https:\/\/secure.gravatar.com\/avatar\/6307c78d195e52619e6aab2303285d5038a965465385ad25ab0f683cf59b649e?s=96&d=mm&r=g","contentUrl":"https:\/\/secure.gravatar.com\/avatar\/6307c78d195e52619e6aab2303285d5038a965465385ad25ab0f683cf59b649e?s=96&d=mm&r=g","caption":"berkelcompagnie"}}]}},"rttpg_featured_image_url":{"full":["https:\/\/deberkel.info\/wp-content\/uploads\/2017\/04\/Logo3eBerkelcompagnie2-OnderschriftVrienden-640x250.jpg",640,250,false],"landscape":["https:\/\/deberkel.info\/wp-content\/uploads\/2017\/04\/Logo3eBerkelcompagnie2-OnderschriftVrienden-640x250.jpg",640,250,false],"portraits":["https:\/\/deberkel.info\/wp-content\/uploads\/2017\/04\/Logo3eBerkelcompagnie2-OnderschriftVrienden-640x250.jpg",640,250,false],"thumbnail":["https:\/\/deberkel.info\/wp-content\/uploads\/2017\/04\/Logo3eBerkelcompagnie2-OnderschriftVrienden-640x250-150x150.jpg",150,150,true],"medium":["https:\/\/deberkel.info\/wp-content\/uploads\/2017\/04\/Logo3eBerkelcompagnie2-OnderschriftVrienden-640x250-300x117.jpg",300,117,true],"large":["https:\/\/deberkel.info\/wp-content\/uploads\/2017\/04\/Logo3eBerkelcompagnie2-OnderschriftVrienden-640x250.jpg",584,228,false],"1536x1536":["https:\/\/deberkel.info\/wp-content\/uploads\/2017\/04\/Logo3eBerkelcompagnie2-OnderschriftVrienden-640x250.jpg",640,250,false],"2048x2048":["https:\/\/deberkel.info\/wp-content\/uploads\/2017\/04\/Logo3eBerkelcompagnie2-OnderschriftVrienden-640x250.jpg",640,250,false],"post-thumbnail":["https:\/\/deberkel.info\/wp-content\/uploads\/2017\/04\/Logo3eBerkelcompagnie2-OnderschriftVrienden-640x250.jpg",640,250,false],"large-feature":["https:\/\/deberkel.info\/wp-content\/uploads\/2017\/04\/Logo3eBerkelcompagnie2-OnderschriftVrienden-640x250.jpg",640,250,false],"small-feature":["https:\/\/deberkel.info\/wp-content\/uploads\/2017\/04\/Logo3eBerkelcompagnie2-OnderschriftVrienden-640x250-500x195.jpg",500,195,true]},"rttpg_author":{"display_name":"berkelcompagnie","author_link":"https:\/\/deberkel.info\/author\/berkelcompagnie\/"},"rttpg_comment":0,"rttpg_category":"<a href=\"https:\/\/deberkel.info\/de\/vriendenberkelcompagniejaarverslagen\/\" rel=\"category tag\">VriendenBerkelcompagnieJaarverslagen<\/a>","rttpg_excerpt":"Das Jahresbericht der Verein Freunde der 3. Berkelkompanie von 2020 Weiterlesen &rarr;","_links":{"self":[{"href":"https:\/\/deberkel.info\/wp-json\/wp\/v2\/posts\/13221","targetHints":{"allow":["GET"]}}],"collection":[{"href":"https:\/\/deberkel.info\/wp-json\/wp\/v2\/posts"}],"about":[{"href":"https:\/\/deberkel.info\/wp-json\/wp\/v2\/types\/post"}],"author":[{"embeddable":true,"href":"https:\/\/deberkel.info\/wp-json\/wp\/v2\/users\/1"}],"replies":[{"embeddable":true,"href":"https:\/\/deberkel.info\/wp-json\/wp\/v2\/comments?post=13221"}],"version-history":[{"count":1,"href":"https:\/\/deberkel.info\/wp-json\/wp\/v2\/posts\/13221\/revisions"}],"predecessor-version":[{"id":13222,"href":"https:\/\/deberkel.info\/wp-json\/wp\/v2\/posts\/13221\/revisions\/13222"}],"wp:featuredmedia":[{"embeddable":true,"href":"https:\/\/deberkel.info\/wp-json\/wp\/v2\/media\/10714"}],"wp:attachment":[{"href":"https:\/\/deberkel.info\/wp-json\/wp\/v2\/media?parent=13221"}],"wp:term":[{"taxonomy":"category","embeddable":true,"href":"https:\/\/deberkel.info\/wp-json\/wp\/v2\/categories?post=13221"},{"taxonomy":"post_tag","embeddable":true,"href":"https:\/\/deberkel.info\/wp-json\/wp\/v2\/tags?post=13221"}],"curies":[{"name":"wp","href":"https:\/\/api.w.org\/{rel}","templated":true}]}}