{"id":13242,"date":"2020-07-13T17:03:24","date_gmt":"2020-07-13T17:03:24","guid":{"rendered":"http:\/\/deberkel.info\/?p=13242"},"modified":"2020-07-14T17:17:12","modified_gmt":"2020-07-14T17:17:12","slug":"gebaude-hema-borculo-abgerissen-hafen-zurueck","status":"publish","type":"post","link":"https:\/\/deberkel.info\/de\/gebaude-hema-borculo-abgerissen-hafen-zurueck\/","title":{"rendered":"Gebaude Hema Borculo abgerissen, Hafen zur\u00fcck?"},"content":{"rendered":"<p><a href=\"\/wp-content\/uploads\/2020\/07\/20200629-Tubantia-HavenTerugInBorculo-Foto-600x540-1.jpg\"><img loading=\"lazy\" decoding=\"async\" class=\"alignnone size-full wp-image-13238\" src=\"\/wp-content\/uploads\/2020\/07\/20200629-Tubantia-HavenTerugInBorculo-Foto-600x540-1.jpg\" alt=\"\" width=\"600\" height=\"540\" srcset=\"https:\/\/deberkel.info\/wp-content\/uploads\/2020\/07\/20200629-Tubantia-HavenTerugInBorculo-Foto-600x540-1.jpg 600w, https:\/\/deberkel.info\/wp-content\/uploads\/2020\/07\/20200629-Tubantia-HavenTerugInBorculo-Foto-600x540-1-300x270.jpg 300w, https:\/\/deberkel.info\/wp-content\/uploads\/2020\/07\/20200629-Tubantia-HavenTerugInBorculo-Foto-600x540-1-333x300.jpg 333w\" sizes=\"auto, (max-width: 600px) 100vw, 600px\" \/><\/a><br \/>\nIn Borculo ist das alte Geb\u00e4ude der Hema am Ecke Voorstad \/ Dr. Scheijlaan abgerissen worden.<br \/>\nIn September 2020 entscheidet der Gemeinderat \u00fcber den Vorschlag ein &#8222;Wasser Platz&#8220; an dieser Stelle zu realisieren damit der Hafen der sich hier fr\u00fcher befand wieder sichtbar gemacht werden k\u00f6nnte.<\/p>\n<p>Sehe hierunter die Artikel aus <a href=\"https:\/\/www.tubantia.nl\/achterhoek\/oude-hema-aan-voorstad-in-borculo-maakt-plaats-voor-zompig-waterplein~a894d0e5\/\" target=\"_blank\" rel=\"noopener noreferrer\">Tubantia<\/a> und <a href=\"#NUB\">Nieuws Uit Berkelland<\/a> am 29. Juni:<\/p>\n<p><a href=\"\/wp-content\/uploads\/2020\/07\/20200629-Tubantia-HavenTerugInBorculo-Artikel-1200x2262-1.jpg\"><img loading=\"lazy\" decoding=\"async\" class=\"alignnone wp-image-13239\" src=\"\/wp-content\/uploads\/2020\/07\/20200629-Tubantia-HavenTerugInBorculo-Artikel-1200x2262-1.jpg\" alt=\"\" width=\"500\" height=\"942\" srcset=\"https:\/\/deberkel.info\/wp-content\/uploads\/2020\/07\/20200629-Tubantia-HavenTerugInBorculo-Artikel-1200x2262-1.jpg 1200w, https:\/\/deberkel.info\/wp-content\/uploads\/2020\/07\/20200629-Tubantia-HavenTerugInBorculo-Artikel-1200x2262-1-159x300.jpg 159w, https:\/\/deberkel.info\/wp-content\/uploads\/2020\/07\/20200629-Tubantia-HavenTerugInBorculo-Artikel-1200x2262-1-543x1024.jpg 543w, https:\/\/deberkel.info\/wp-content\/uploads\/2020\/07\/20200629-Tubantia-HavenTerugInBorculo-Artikel-1200x2262-1-768x1448.jpg 768w, https:\/\/deberkel.info\/wp-content\/uploads\/2020\/07\/20200629-Tubantia-HavenTerugInBorculo-Artikel-1200x2262-1-815x1536.jpg 815w, https:\/\/deberkel.info\/wp-content\/uploads\/2020\/07\/20200629-Tubantia-HavenTerugInBorculo-Artikel-1200x2262-1-1086x2048.jpg 1086w\" sizes=\"auto, (max-width: 500px) 100vw, 500px\" \/><\/a><\/p>\n<p><a id=\"NUB\"><\/a><a href=\"https:\/\/www.nieuwsuitberkelland.nl\/2020\/06\/haven-terug-op-plek-oude-hema-in-borculo\/\" target=\"_blank\" rel=\"noopener noreferrer\">Nieuws Uit Berkelland<\/a>:<br \/>\n<a href=\"\/wp-content\/uploads\/2020\/07\/20200629-NUB-HavenTerugInBorculo.jpg\"><img loading=\"lazy\" decoding=\"async\" class=\"alignnone wp-image-13240\" src=\"\/wp-content\/uploads\/2020\/07\/20200629-NUB-HavenTerugInBorculo.jpg\" alt=\"\" width=\"400\" height=\"738\" srcset=\"https:\/\/deberkel.info\/wp-content\/uploads\/2020\/07\/20200629-NUB-HavenTerugInBorculo.jpg 895w, https:\/\/deberkel.info\/wp-content\/uploads\/2020\/07\/20200629-NUB-HavenTerugInBorculo-163x300.jpg 163w, https:\/\/deberkel.info\/wp-content\/uploads\/2020\/07\/20200629-NUB-HavenTerugInBorculo-555x1024.jpg 555w, https:\/\/deberkel.info\/wp-content\/uploads\/2020\/07\/20200629-NUB-HavenTerugInBorculo-768x1418.jpg 768w, https:\/\/deberkel.info\/wp-content\/uploads\/2020\/07\/20200629-NUB-HavenTerugInBorculo-832x1536.jpg 832w\" sizes=\"auto, (max-width: 400px) 100vw, 400px\" \/><\/a><\/p>\n","protected":false},"excerpt":{"rendered":"<p>In Borculo ist das alte Geb\u00e4ude der Hema am Ecke Voorstad \/ Dr. Scheijlaan abgerissen.<br \/>\nIn September 2020 entscheidet der Gemeinderat \u00fcber den Vorschlag ein &#8222;Wasser Platz&#8220; an dieser Stelle zu realisieren <a href=\"https:\/\/deberkel.info\/de\/gebaude-hema-borculo-abgerissen-hafen-zurueck\/\">Weiterlesen <span class=\"meta-nav\">&rarr;<\/span><\/a><\/p>\n","protected":false},"author":1,"featured_media":13238,"comment_status":"closed","ping_status":"closed","sticky":false,"template":"","format":"standard","meta":{"_exactmetrics_skip_tracking":false,"_exactmetrics_sitenote_active":false,"_exactmetrics_sitenote_note":"","_exactmetrics_sitenote_category":0,"ngg_post_thumbnail":0,"_locale":"de_DE","_original_post":"https:\/\/berkelcompagnie.com\/?p=13237","footnotes":"","_links_to":"","_links_to_target":""},"categories":[129,7],"tags":[],"class_list":["post-13242","post","type-post","status-publish","format-standard","has-post-thumbnail","hentry","category-persberichtenuit2020","category-nieuws","de-DE"],"yoast_head":"<!-- This site is optimized with the Yoast SEO plugin v27.5 - https:\/\/yoast.com\/product\/yoast-seo-wordpress\/ -->\n<title>Gebaude Hema Borculo abgerissen, Hafen zur\u00fcck? - Berkel Info<\/title>\n<meta name=\"robots\" content=\"index, follow, max-snippet:-1, max-image-preview:large, max-video-preview:-1\" \/>\n<link rel=\"canonical\" href=\"https:\/\/deberkel.info\/de\/gebaude-hema-borculo-abgerissen-hafen-zurueck\/\" \/>\n<meta property=\"og:locale\" content=\"de_DE\" \/>\n<meta property=\"og:type\" content=\"article\" \/>\n<meta property=\"og:title\" content=\"Gebaude Hema Borculo abgerissen, Hafen zur\u00fcck? - Berkel Info\" \/>\n<meta property=\"og:description\" content=\"In Borculo ist das alte Geb\u00e4ude der Hema am Ecke Voorstad \/ Dr. Scheijlaan abgerissen. In September 2020 entscheidet der Gemeinderat \u00fcber den Vorschlag ein &quot;Wasser Platz&quot; an dieser Stelle zu realisieren Weiterlesen &rarr;\" \/>\n<meta property=\"og:url\" content=\"https:\/\/deberkel.info\/de\/gebaude-hema-borculo-abgerissen-hafen-zurueck\/\" \/>\n<meta property=\"og:site_name\" content=\"Berkel Info\" \/>\n<meta property=\"article:published_time\" content=\"2020-07-13T17:03:24+00:00\" \/>\n<meta property=\"article:modified_time\" content=\"2020-07-14T17:17:12+00:00\" \/>\n<meta property=\"og:image\" content=\"https:\/\/deberkel.info\/wp-content\/uploads\/2020\/07\/20200629-Tubantia-HavenTerugInBorculo-Foto-600x540-1.jpg\" \/>\n\t<meta property=\"og:image:width\" content=\"600\" \/>\n\t<meta property=\"og:image:height\" content=\"540\" \/>\n\t<meta property=\"og:image:type\" content=\"image\/jpeg\" \/>\n<meta name=\"author\" content=\"berkelcompagnie\" \/>\n<meta name=\"twitter:card\" content=\"summary_large_image\" \/>\n<meta name=\"twitter:label1\" content=\"Verfasst von\" \/>\n\t<meta name=\"twitter:data1\" content=\"berkelcompagnie\" \/>\n<script type=\"application\/ld+json\" class=\"yoast-schema-graph\">{\"@context\":\"https:\\\/\\\/schema.org\",\"@graph\":[{\"@type\":\"Article\",\"@id\":\"https:\\\/\\\/deberkel.info\\\/de\\\/gebaude-hema-borculo-abgerissen-hafen-zurueck\\\/#article\",\"isPartOf\":{\"@id\":\"https:\\\/\\\/deberkel.info\\\/de\\\/gebaude-hema-borculo-abgerissen-hafen-zurueck\\\/\"},\"author\":{\"name\":\"berkelcompagnie\",\"@id\":\"https:\\\/\\\/deberkel.info\\\/#\\\/schema\\\/person\\\/68626cffa2cc89382550cfe49c51a4f8\"},\"headline\":\"Gebaude Hema Borculo abgerissen, Hafen zur\u00fcck?\",\"datePublished\":\"2020-07-13T17:03:24+00:00\",\"dateModified\":\"2020-07-14T17:17:12+00:00\",\"mainEntityOfPage\":{\"@id\":\"https:\\\/\\\/deberkel.info\\\/de\\\/gebaude-hema-borculo-abgerissen-hafen-zurueck\\\/\"},\"wordCount\":69,\"image\":{\"@id\":\"https:\\\/\\\/deberkel.info\\\/de\\\/gebaude-hema-borculo-abgerissen-hafen-zurueck\\\/#primaryimage\"},\"thumbnailUrl\":\"https:\\\/\\\/deberkel.info\\\/wp-content\\\/uploads\\\/2020\\\/07\\\/20200629-Tubantia-HavenTerugInBorculo-Foto-600x540-1.jpg\",\"articleSection\":[\"Persberichten uit 2020\",\"Titelseite Nachrichten\"],\"inLanguage\":\"de\"},{\"@type\":\"WebPage\",\"@id\":\"https:\\\/\\\/deberkel.info\\\/de\\\/gebaude-hema-borculo-abgerissen-hafen-zurueck\\\/\",\"url\":\"https:\\\/\\\/deberkel.info\\\/de\\\/gebaude-hema-borculo-abgerissen-hafen-zurueck\\\/\",\"name\":\"Gebaude Hema Borculo abgerissen, Hafen zur\u00fcck? - Berkel Info\",\"isPartOf\":{\"@id\":\"https:\\\/\\\/deberkel.info\\\/#website\"},\"primaryImageOfPage\":{\"@id\":\"https:\\\/\\\/deberkel.info\\\/de\\\/gebaude-hema-borculo-abgerissen-hafen-zurueck\\\/#primaryimage\"},\"image\":{\"@id\":\"https:\\\/\\\/deberkel.info\\\/de\\\/gebaude-hema-borculo-abgerissen-hafen-zurueck\\\/#primaryimage\"},\"thumbnailUrl\":\"https:\\\/\\\/deberkel.info\\\/wp-content\\\/uploads\\\/2020\\\/07\\\/20200629-Tubantia-HavenTerugInBorculo-Foto-600x540-1.jpg\",\"datePublished\":\"2020-07-13T17:03:24+00:00\",\"dateModified\":\"2020-07-14T17:17:12+00:00\",\"author\":{\"@id\":\"https:\\\/\\\/deberkel.info\\\/#\\\/schema\\\/person\\\/68626cffa2cc89382550cfe49c51a4f8\"},\"breadcrumb\":{\"@id\":\"https:\\\/\\\/deberkel.info\\\/de\\\/gebaude-hema-borculo-abgerissen-hafen-zurueck\\\/#breadcrumb\"},\"inLanguage\":\"de\",\"potentialAction\":[{\"@type\":\"ReadAction\",\"target\":[\"https:\\\/\\\/deberkel.info\\\/de\\\/gebaude-hema-borculo-abgerissen-hafen-zurueck\\\/\"]}]},{\"@type\":\"ImageObject\",\"inLanguage\":\"de\",\"@id\":\"https:\\\/\\\/deberkel.info\\\/de\\\/gebaude-hema-borculo-abgerissen-hafen-zurueck\\\/#primaryimage\",\"url\":\"https:\\\/\\\/deberkel.info\\\/wp-content\\\/uploads\\\/2020\\\/07\\\/20200629-Tubantia-HavenTerugInBorculo-Foto-600x540-1.jpg\",\"contentUrl\":\"https:\\\/\\\/deberkel.info\\\/wp-content\\\/uploads\\\/2020\\\/07\\\/20200629-Tubantia-HavenTerugInBorculo-Foto-600x540-1.jpg\",\"width\":600,\"height\":540},{\"@type\":\"BreadcrumbList\",\"@id\":\"https:\\\/\\\/deberkel.info\\\/de\\\/gebaude-hema-borculo-abgerissen-hafen-zurueck\\\/#breadcrumb\",\"itemListElement\":[{\"@type\":\"ListItem\",\"position\":1,\"name\":\"Home\",\"item\":\"https:\\\/\\\/deberkel.info\\\/de\\\/\"},{\"@type\":\"ListItem\",\"position\":2,\"name\":\"Gebaude Hema Borculo abgerissen, Hafen zur\u00fcck?\"}]},{\"@type\":\"WebSite\",\"@id\":\"https:\\\/\\\/deberkel.info\\\/#website\",\"url\":\"https:\\\/\\\/deberkel.info\\\/\",\"name\":\"Berkel Info\",\"description\":\"Alles over de Berkel en het Berkeldal, van Billerbeck tot Zutphen\",\"potentialAction\":[{\"@type\":\"SearchAction\",\"target\":{\"@type\":\"EntryPoint\",\"urlTemplate\":\"https:\\\/\\\/deberkel.info\\\/?s={search_term_string}\"},\"query-input\":{\"@type\":\"PropertyValueSpecification\",\"valueRequired\":true,\"valueName\":\"search_term_string\"}}],\"inLanguage\":\"de\"},{\"@type\":\"Person\",\"@id\":\"https:\\\/\\\/deberkel.info\\\/#\\\/schema\\\/person\\\/68626cffa2cc89382550cfe49c51a4f8\",\"name\":\"berkelcompagnie\",\"image\":{\"@type\":\"ImageObject\",\"inLanguage\":\"de\",\"@id\":\"https:\\\/\\\/secure.gravatar.com\\\/avatar\\\/6307c78d195e52619e6aab2303285d5038a965465385ad25ab0f683cf59b649e?s=96&d=mm&r=g\",\"url\":\"https:\\\/\\\/secure.gravatar.com\\\/avatar\\\/6307c78d195e52619e6aab2303285d5038a965465385ad25ab0f683cf59b649e?s=96&d=mm&r=g\",\"contentUrl\":\"https:\\\/\\\/secure.gravatar.com\\\/avatar\\\/6307c78d195e52619e6aab2303285d5038a965465385ad25ab0f683cf59b649e?s=96&d=mm&r=g\",\"caption\":\"berkelcompagnie\"}}]}<\/script>\n<!-- \/ Yoast SEO plugin. -->","yoast_head_json":{"title":"Gebaude Hema Borculo abgerissen, Hafen zur\u00fcck? - Berkel Info","robots":{"index":"index","follow":"follow","max-snippet":"max-snippet:-1","max-image-preview":"max-image-preview:large","max-video-preview":"max-video-preview:-1"},"canonical":"https:\/\/deberkel.info\/de\/gebaude-hema-borculo-abgerissen-hafen-zurueck\/","og_locale":"de_DE","og_type":"article","og_title":"Gebaude Hema Borculo abgerissen, Hafen zur\u00fcck? - Berkel Info","og_description":"In Borculo ist das alte Geb\u00e4ude der Hema am Ecke Voorstad \/ Dr. Scheijlaan abgerissen. In September 2020 entscheidet der Gemeinderat \u00fcber den Vorschlag ein \"Wasser Platz\" an dieser Stelle zu realisieren Weiterlesen &rarr;","og_url":"https:\/\/deberkel.info\/de\/gebaude-hema-borculo-abgerissen-hafen-zurueck\/","og_site_name":"Berkel Info","article_published_time":"2020-07-13T17:03:24+00:00","article_modified_time":"2020-07-14T17:17:12+00:00","og_image":[{"width":600,"height":540,"url":"https:\/\/deberkel.info\/wp-content\/uploads\/2020\/07\/20200629-Tubantia-HavenTerugInBorculo-Foto-600x540-1.jpg","type":"image\/jpeg"}],"author":"berkelcompagnie","twitter_card":"summary_large_image","twitter_misc":{"Verfasst von":"berkelcompagnie"},"schema":{"@context":"https:\/\/schema.org","@graph":[{"@type":"Article","@id":"https:\/\/deberkel.info\/de\/gebaude-hema-borculo-abgerissen-hafen-zurueck\/#article","isPartOf":{"@id":"https:\/\/deberkel.info\/de\/gebaude-hema-borculo-abgerissen-hafen-zurueck\/"},"author":{"name":"berkelcompagnie","@id":"https:\/\/deberkel.info\/#\/schema\/person\/68626cffa2cc89382550cfe49c51a4f8"},"headline":"Gebaude Hema Borculo abgerissen, Hafen zur\u00fcck?","datePublished":"2020-07-13T17:03:24+00:00","dateModified":"2020-07-14T17:17:12+00:00","mainEntityOfPage":{"@id":"https:\/\/deberkel.info\/de\/gebaude-hema-borculo-abgerissen-hafen-zurueck\/"},"wordCount":69,"image":{"@id":"https:\/\/deberkel.info\/de\/gebaude-hema-borculo-abgerissen-hafen-zurueck\/#primaryimage"},"thumbnailUrl":"https:\/\/deberkel.info\/wp-content\/uploads\/2020\/07\/20200629-Tubantia-HavenTerugInBorculo-Foto-600x540-1.jpg","articleSection":["Persberichten uit 2020","Titelseite Nachrichten"],"inLanguage":"de"},{"@type":"WebPage","@id":"https:\/\/deberkel.info\/de\/gebaude-hema-borculo-abgerissen-hafen-zurueck\/","url":"https:\/\/deberkel.info\/de\/gebaude-hema-borculo-abgerissen-hafen-zurueck\/","name":"Gebaude Hema Borculo abgerissen, Hafen zur\u00fcck? - Berkel Info","isPartOf":{"@id":"https:\/\/deberkel.info\/#website"},"primaryImageOfPage":{"@id":"https:\/\/deberkel.info\/de\/gebaude-hema-borculo-abgerissen-hafen-zurueck\/#primaryimage"},"image":{"@id":"https:\/\/deberkel.info\/de\/gebaude-hema-borculo-abgerissen-hafen-zurueck\/#primaryimage"},"thumbnailUrl":"https:\/\/deberkel.info\/wp-content\/uploads\/2020\/07\/20200629-Tubantia-HavenTerugInBorculo-Foto-600x540-1.jpg","datePublished":"2020-07-13T17:03:24+00:00","dateModified":"2020-07-14T17:17:12+00:00","author":{"@id":"https:\/\/deberkel.info\/#\/schema\/person\/68626cffa2cc89382550cfe49c51a4f8"},"breadcrumb":{"@id":"https:\/\/deberkel.info\/de\/gebaude-hema-borculo-abgerissen-hafen-zurueck\/#breadcrumb"},"inLanguage":"de","potentialAction":[{"@type":"ReadAction","target":["https:\/\/deberkel.info\/de\/gebaude-hema-borculo-abgerissen-hafen-zurueck\/"]}]},{"@type":"ImageObject","inLanguage":"de","@id":"https:\/\/deberkel.info\/de\/gebaude-hema-borculo-abgerissen-hafen-zurueck\/#primaryimage","url":"https:\/\/deberkel.info\/wp-content\/uploads\/2020\/07\/20200629-Tubantia-HavenTerugInBorculo-Foto-600x540-1.jpg","contentUrl":"https:\/\/deberkel.info\/wp-content\/uploads\/2020\/07\/20200629-Tubantia-HavenTerugInBorculo-Foto-600x540-1.jpg","width":600,"height":540},{"@type":"BreadcrumbList","@id":"https:\/\/deberkel.info\/de\/gebaude-hema-borculo-abgerissen-hafen-zurueck\/#breadcrumb","itemListElement":[{"@type":"ListItem","position":1,"name":"Home","item":"https:\/\/deberkel.info\/de\/"},{"@type":"ListItem","position":2,"name":"Gebaude Hema Borculo abgerissen, Hafen zur\u00fcck?"}]},{"@type":"WebSite","@id":"https:\/\/deberkel.info\/#website","url":"https:\/\/deberkel.info\/","name":"Berkel Info","description":"Alles over de Berkel en het Berkeldal, van Billerbeck tot Zutphen","potentialAction":[{"@type":"SearchAction","target":{"@type":"EntryPoint","urlTemplate":"https:\/\/deberkel.info\/?s={search_term_string}"},"query-input":{"@type":"PropertyValueSpecification","valueRequired":true,"valueName":"search_term_string"}}],"inLanguage":"de"},{"@type":"Person","@id":"https:\/\/deberkel.info\/#\/schema\/person\/68626cffa2cc89382550cfe49c51a4f8","name":"berkelcompagnie","image":{"@type":"ImageObject","inLanguage":"de","@id":"https:\/\/secure.gravatar.com\/avatar\/6307c78d195e52619e6aab2303285d5038a965465385ad25ab0f683cf59b649e?s=96&d=mm&r=g","url":"https:\/\/secure.gravatar.com\/avatar\/6307c78d195e52619e6aab2303285d5038a965465385ad25ab0f683cf59b649e?s=96&d=mm&r=g","contentUrl":"https:\/\/secure.gravatar.com\/avatar\/6307c78d195e52619e6aab2303285d5038a965465385ad25ab0f683cf59b649e?s=96&d=mm&r=g","caption":"berkelcompagnie"}}]}},"rttpg_featured_image_url":{"full":["https:\/\/deberkel.info\/wp-content\/uploads\/2020\/07\/20200629-Tubantia-HavenTerugInBorculo-Foto-600x540-1.jpg",600,540,false],"landscape":["https:\/\/deberkel.info\/wp-content\/uploads\/2020\/07\/20200629-Tubantia-HavenTerugInBorculo-Foto-600x540-1.jpg",600,540,false],"portraits":["https:\/\/deberkel.info\/wp-content\/uploads\/2020\/07\/20200629-Tubantia-HavenTerugInBorculo-Foto-600x540-1.jpg",600,540,false],"thumbnail":["https:\/\/deberkel.info\/wp-content\/uploads\/2020\/07\/20200629-Tubantia-HavenTerugInBorculo-Foto-600x540-1-150x150.jpg",150,150,true],"medium":["https:\/\/deberkel.info\/wp-content\/uploads\/2020\/07\/20200629-Tubantia-HavenTerugInBorculo-Foto-600x540-1-300x270.jpg",300,270,true],"large":["https:\/\/deberkel.info\/wp-content\/uploads\/2020\/07\/20200629-Tubantia-HavenTerugInBorculo-Foto-600x540-1.jpg",584,526,false],"1536x1536":["https:\/\/deberkel.info\/wp-content\/uploads\/2020\/07\/20200629-Tubantia-HavenTerugInBorculo-Foto-600x540-1.jpg",600,540,false],"2048x2048":["https:\/\/deberkel.info\/wp-content\/uploads\/2020\/07\/20200629-Tubantia-HavenTerugInBorculo-Foto-600x540-1.jpg",600,540,false],"post-thumbnail":["https:\/\/deberkel.info\/wp-content\/uploads\/2020\/07\/20200629-Tubantia-HavenTerugInBorculo-Foto-600x540-1-600x288.jpg",600,288,true],"large-feature":["https:\/\/deberkel.info\/wp-content\/uploads\/2020\/07\/20200629-Tubantia-HavenTerugInBorculo-Foto-600x540-1-600x288.jpg",600,288,true],"small-feature":["https:\/\/deberkel.info\/wp-content\/uploads\/2020\/07\/20200629-Tubantia-HavenTerugInBorculo-Foto-600x540-1-333x300.jpg",333,300,true]},"rttpg_author":{"display_name":"berkelcompagnie","author_link":"https:\/\/deberkel.info\/author\/berkelcompagnie\/"},"rttpg_comment":0,"rttpg_category":"<a href=\"https:\/\/deberkel.info\/de\/persberichtenuit2020\/\" rel=\"category tag\">Persberichten uit 2020<\/a> <a href=\"https:\/\/deberkel.info\/de\/nieuws\/\" rel=\"category tag\">Titelseite Nachrichten<\/a>","rttpg_excerpt":"In Borculo ist das alte Geb\u00e4ude der Hema am Ecke Voorstad \/ Dr. Scheijlaan abgerissen. In September 2020 entscheidet der Gemeinderat \u00fcber den Vorschlag ein \"Wasser Platz\" an dieser Stelle zu realisieren Weiterlesen &rarr;","_links":{"self":[{"href":"https:\/\/deberkel.info\/wp-json\/wp\/v2\/posts\/13242","targetHints":{"allow":["GET"]}}],"collection":[{"href":"https:\/\/deberkel.info\/wp-json\/wp\/v2\/posts"}],"about":[{"href":"https:\/\/deberkel.info\/wp-json\/wp\/v2\/types\/post"}],"author":[{"embeddable":true,"href":"https:\/\/deberkel.info\/wp-json\/wp\/v2\/users\/1"}],"replies":[{"embeddable":true,"href":"https:\/\/deberkel.info\/wp-json\/wp\/v2\/comments?post=13242"}],"version-history":[{"count":4,"href":"https:\/\/deberkel.info\/wp-json\/wp\/v2\/posts\/13242\/revisions"}],"predecessor-version":[{"id":13248,"href":"https:\/\/deberkel.info\/wp-json\/wp\/v2\/posts\/13242\/revisions\/13248"}],"wp:featuredmedia":[{"embeddable":true,"href":"https:\/\/deberkel.info\/wp-json\/wp\/v2\/media\/13238"}],"wp:attachment":[{"href":"https:\/\/deberkel.info\/wp-json\/wp\/v2\/media?parent=13242"}],"wp:term":[{"taxonomy":"category","embeddable":true,"href":"https:\/\/deberkel.info\/wp-json\/wp\/v2\/categories?post=13242"},{"taxonomy":"post_tag","embeddable":true,"href":"https:\/\/deberkel.info\/wp-json\/wp\/v2\/tags?post=13242"}],"curies":[{"name":"wp","href":"https:\/\/api.w.org\/{rel}","templated":true}]}}