{"id":15427,"date":"2022-02-25T11:20:18","date_gmt":"2022-02-25T10:20:18","guid":{"rendered":"https:\/\/deberkel.info\/?p=15427"},"modified":"2022-02-25T11:29:59","modified_gmt":"2022-02-25T10:29:59","slug":"berkelfestival-2022-aktivitaet-anmelden","status":"publish","type":"post","link":"https:\/\/deberkel.info\/de\/berkelfestival-2022-aktivitaet-anmelden\/","title":{"rendered":"Berkelfestival 2022: Aktivit\u00e4t anmelden"},"content":{"rendered":"<p><img loading=\"lazy\" decoding=\"async\" class=\"alignnone size-full wp-image-15409\" src=\"https:\/\/deberkel.info\/wp-content\/uploads\/2022\/02\/Berkelfestival2022-Stadtlohn-Nl-600x545-1.jpg\" alt=\"\" width=\"600\" height=\"545\" srcset=\"https:\/\/deberkel.info\/wp-content\/uploads\/2022\/02\/Berkelfestival2022-Stadtlohn-Nl-600x545-1.jpg 600w, https:\/\/deberkel.info\/wp-content\/uploads\/2022\/02\/Berkelfestival2022-Stadtlohn-Nl-600x545-1-300x273.jpg 300w, https:\/\/deberkel.info\/wp-content\/uploads\/2022\/02\/Berkelfestival2022-Stadtlohn-Nl-600x545-1-330x300.jpg 330w\" sizes=\"auto, (max-width: 600px) 100vw, 600px\" \/><\/p>\n<p>Wie auf der <a href=\"https:\/\/berkelfestival.eu\/\" target=\"_blank\" rel=\"noopener\">Berkelfestival Website<\/a> erw\u00e4hnt werden alle Organisationen, Vereine, Unternehmen und sonstigen Interessierten dazu aufgerufen, Angebote in das Berkelfestival einzubringen. Denkbar sind Aktionen aller Art zum Beispiel aus den Bereichen Sport, Kultur und Natur. Dabei sind der Kreativit\u00e4t keine Grenzen gesetzt.<br \/>\nEs gibt aber ein paar Regeln:<br \/>\n\u2022&nbsp;&nbsp;&nbsp;&nbsp;&nbsp; Ihr Angebot sollte etwas mit der Berkel oder mit dem Leben in den Berkelst\u00e4dten zu tun haben.<br \/>\n\u2022&nbsp;&nbsp;&nbsp;&nbsp;&nbsp; Ihr Angebot kann eigens f\u00fcr das Berkelfestival entwickelt werden oder auch ein bestehendes Angebot sein, das Sie ins Berkelfestival einbringen.<br \/>\n\u2022&nbsp;&nbsp;&nbsp;&nbsp;&nbsp; Sie sind als Anbieter einer Aktivit\u00e4t grunds\u00e4tzlich selbst f\u00fcr die Vorbereitung, Organisation und Durchf\u00fchrung Ihres Angebotes verantwortlich.<br \/>\n\u2022&nbsp;&nbsp;&nbsp;&nbsp;&nbsp; Ihr Angebot muss f\u00fcr die Teilnehmer nicht kostenlos sein. Sie k\u00f6nnen z. B. einen Beitrag von Teilnehmern an einer Tour einnehmen, um ihre Kosten zu decken oder etwas Geld f\u00fcr die Vereinskasse einzunehmen.<\/p>\n<p>Download der <a href=\"#pdf\">Meldebogen hierunter<\/a>, f\u00fcll der aus und melden Sie Ihren Beitrag zum Berkelfestival an. F\u00fcr die erste Anmeldung muss noch nicht jedes Detail bekannt sein. Beschreiben Sie Ihre Pl\u00e4ne so konkret wie aktuell m\u00f6glich. Weitere Informationen k\u00f6nnen jederzeit nachgeliefert werden. Senden Sie das ausgef\u00fcllte Formular per E-Mail an: <a href=\"mailto:team@dieberkel.eu\">team@dieberkel.eu<\/a>. Wir nehmen dann Kontakt mit Ihnen auf.<\/p>\n<p>Sehe auch <a href=\"https:\/\/berkelfestival.eu\/\" target=\"_blank\" rel=\"noopener\">die Berkelfestival Website<\/a>.<\/p>\n<p><a id=\"pdf\"><\/a><a href=\"https:\/\/deberkel.info\/wp-content\/uploads\/2022\/02\/220203-Berkelfestival-22-Formular-Aktionen-D_NL-END.pdf\" class=\"pdfemb-viewer\" style=\"width: 800px; \" data-width=\"800\" data-height=\"max\" data-mobile-width=\"500\"  data-scrollbar=\"none\" data-download=\"on\" data-tracking=\"on\" data-newwindow=\"on\" data-pagetextbox=\"off\" data-scrolltotop=\"off\" data-startzoom=\"100\" data-startfpzoom=\"100\" data-toolbar=\"both\" data-toolbar-fixed=\"on\">220203-Berkelfestival-22-Formular-Aktionen-D_NL-END<br\/><\/a><\/p>\n","protected":false},"excerpt":{"rendered":"<p>Alle Organisationen, Vereine, Unternehmen und sonstigen Interessierten werden dazu aufgerufen, Angebote in das Berkelfestival einzubringen <a href=\"https:\/\/deberkel.info\/de\/berkelfestival-2022-aktivitaet-anmelden\/\">Weiterlesen <span class=\"meta-nav\">&rarr;<\/span><\/a><\/p>\n","protected":false},"author":1,"featured_media":15432,"comment_status":"closed","ping_status":"closed","sticky":false,"template":"","format":"standard","meta":{"_exactmetrics_skip_tracking":false,"_exactmetrics_sitenote_active":false,"_exactmetrics_sitenote_note":"","_exactmetrics_sitenote_category":0,"ngg_post_thumbnail":0,"_locale":"de_DE","_original_post":"https:\/\/deberkel.info\/?p=15408","footnotes":"","_links_to":"","_links_to_target":""},"categories":[159,7],"tags":[],"class_list":["post-15427","post","type-post","status-publish","format-standard","has-post-thumbnail","hentry","category-berkelfestival-2022","category-nieuws","de-DE"],"yoast_head":"<!-- This site is optimized with the Yoast SEO plugin v27.5 - https:\/\/yoast.com\/product\/yoast-seo-wordpress\/ -->\n<title>Berkelfestival 2022: Aktivit\u00e4t anmelden - Berkel Info<\/title>\n<meta name=\"description\" content=\"Aufruf Angebote in das Berkelfestival 2022 in Stadtlohn einzubringen\" \/>\n<meta name=\"robots\" content=\"index, follow, max-snippet:-1, max-image-preview:large, max-video-preview:-1\" \/>\n<link rel=\"canonical\" href=\"https:\/\/deberkel.info\/de\/berkelfestival-2022-aktivitaet-anmelden\/\" \/>\n<meta property=\"og:locale\" content=\"de_DE\" \/>\n<meta property=\"og:type\" content=\"article\" \/>\n<meta property=\"og:title\" content=\"Berkelfestival 2022: Aktivit\u00e4t anmelden - Berkel Info\" \/>\n<meta property=\"og:description\" content=\"Aufruf Angebote in das Berkelfestival 2022 in Stadtlohn einzubringen\" \/>\n<meta property=\"og:url\" content=\"https:\/\/deberkel.info\/de\/berkelfestival-2022-aktivitaet-anmelden\/\" \/>\n<meta property=\"og:site_name\" content=\"Berkel Info\" \/>\n<meta property=\"article:published_time\" content=\"2022-02-25T10:20:18+00:00\" \/>\n<meta property=\"article:modified_time\" content=\"2022-02-25T10:29:59+00:00\" \/>\n<meta property=\"og:image\" content=\"https:\/\/deberkel.info\/wp-content\/uploads\/2022\/02\/Berkelfestival2022-Stadtlohn-De-600x228-1.png\" \/>\n\t<meta property=\"og:image:width\" content=\"600\" \/>\n\t<meta property=\"og:image:height\" content=\"228\" \/>\n\t<meta property=\"og:image:type\" content=\"image\/png\" \/>\n<meta name=\"author\" content=\"berkelcompagnie\" \/>\n<meta name=\"twitter:card\" content=\"summary_large_image\" \/>\n<meta name=\"twitter:label1\" content=\"Verfasst von\" \/>\n\t<meta name=\"twitter:data1\" content=\"berkelcompagnie\" \/>\n\t<meta name=\"twitter:label2\" content=\"Gesch\u00e4tzte Lesezeit\" \/>\n\t<meta name=\"twitter:data2\" content=\"2\u00a0Minuten\" \/>\n<script type=\"application\/ld+json\" class=\"yoast-schema-graph\">{\"@context\":\"https:\\\/\\\/schema.org\",\"@graph\":[{\"@type\":\"Article\",\"@id\":\"https:\\\/\\\/deberkel.info\\\/de\\\/berkelfestival-2022-aktivitaet-anmelden\\\/#article\",\"isPartOf\":{\"@id\":\"https:\\\/\\\/deberkel.info\\\/de\\\/berkelfestival-2022-aktivitaet-anmelden\\\/\"},\"author\":{\"name\":\"berkelcompagnie\",\"@id\":\"https:\\\/\\\/deberkel.info\\\/#\\\/schema\\\/person\\\/68626cffa2cc89382550cfe49c51a4f8\"},\"headline\":\"Berkelfestival 2022: Aktivit\u00e4t anmelden\",\"datePublished\":\"2022-02-25T10:20:18+00:00\",\"dateModified\":\"2022-02-25T10:29:59+00:00\",\"mainEntityOfPage\":{\"@id\":\"https:\\\/\\\/deberkel.info\\\/de\\\/berkelfestival-2022-aktivitaet-anmelden\\\/\"},\"wordCount\":251,\"image\":{\"@id\":\"https:\\\/\\\/deberkel.info\\\/de\\\/berkelfestival-2022-aktivitaet-anmelden\\\/#primaryimage\"},\"thumbnailUrl\":\"https:\\\/\\\/deberkel.info\\\/wp-content\\\/uploads\\\/2022\\\/02\\\/Berkelfestival2022-Stadtlohn-De-600x228-1.png\",\"articleSection\":[\"Berkelfestival 2022\",\"Titelseite Nachrichten\"],\"inLanguage\":\"de\"},{\"@type\":\"WebPage\",\"@id\":\"https:\\\/\\\/deberkel.info\\\/de\\\/berkelfestival-2022-aktivitaet-anmelden\\\/\",\"url\":\"https:\\\/\\\/deberkel.info\\\/de\\\/berkelfestival-2022-aktivitaet-anmelden\\\/\",\"name\":\"Berkelfestival 2022: Aktivit\u00e4t anmelden - Berkel Info\",\"isPartOf\":{\"@id\":\"https:\\\/\\\/deberkel.info\\\/#website\"},\"primaryImageOfPage\":{\"@id\":\"https:\\\/\\\/deberkel.info\\\/de\\\/berkelfestival-2022-aktivitaet-anmelden\\\/#primaryimage\"},\"image\":{\"@id\":\"https:\\\/\\\/deberkel.info\\\/de\\\/berkelfestival-2022-aktivitaet-anmelden\\\/#primaryimage\"},\"thumbnailUrl\":\"https:\\\/\\\/deberkel.info\\\/wp-content\\\/uploads\\\/2022\\\/02\\\/Berkelfestival2022-Stadtlohn-De-600x228-1.png\",\"datePublished\":\"2022-02-25T10:20:18+00:00\",\"dateModified\":\"2022-02-25T10:29:59+00:00\",\"author\":{\"@id\":\"https:\\\/\\\/deberkel.info\\\/#\\\/schema\\\/person\\\/68626cffa2cc89382550cfe49c51a4f8\"},\"description\":\"Aufruf Angebote in das Berkelfestival 2022 in Stadtlohn einzubringen\",\"breadcrumb\":{\"@id\":\"https:\\\/\\\/deberkel.info\\\/de\\\/berkelfestival-2022-aktivitaet-anmelden\\\/#breadcrumb\"},\"inLanguage\":\"de\",\"potentialAction\":[{\"@type\":\"ReadAction\",\"target\":[\"https:\\\/\\\/deberkel.info\\\/de\\\/berkelfestival-2022-aktivitaet-anmelden\\\/\"]}]},{\"@type\":\"ImageObject\",\"inLanguage\":\"de\",\"@id\":\"https:\\\/\\\/deberkel.info\\\/de\\\/berkelfestival-2022-aktivitaet-anmelden\\\/#primaryimage\",\"url\":\"https:\\\/\\\/deberkel.info\\\/wp-content\\\/uploads\\\/2022\\\/02\\\/Berkelfestival2022-Stadtlohn-De-600x228-1.png\",\"contentUrl\":\"https:\\\/\\\/deberkel.info\\\/wp-content\\\/uploads\\\/2022\\\/02\\\/Berkelfestival2022-Stadtlohn-De-600x228-1.png\",\"width\":600,\"height\":228},{\"@type\":\"BreadcrumbList\",\"@id\":\"https:\\\/\\\/deberkel.info\\\/de\\\/berkelfestival-2022-aktivitaet-anmelden\\\/#breadcrumb\",\"itemListElement\":[{\"@type\":\"ListItem\",\"position\":1,\"name\":\"Home\",\"item\":\"https:\\\/\\\/deberkel.info\\\/de\\\/\"},{\"@type\":\"ListItem\",\"position\":2,\"name\":\"Berkelfestival 2022: Aktivit\u00e4t anmelden\"}]},{\"@type\":\"WebSite\",\"@id\":\"https:\\\/\\\/deberkel.info\\\/#website\",\"url\":\"https:\\\/\\\/deberkel.info\\\/\",\"name\":\"Berkel Info\",\"description\":\"Alles over de Berkel en het Berkeldal, van Billerbeck tot Zutphen\",\"potentialAction\":[{\"@type\":\"SearchAction\",\"target\":{\"@type\":\"EntryPoint\",\"urlTemplate\":\"https:\\\/\\\/deberkel.info\\\/?s={search_term_string}\"},\"query-input\":{\"@type\":\"PropertyValueSpecification\",\"valueRequired\":true,\"valueName\":\"search_term_string\"}}],\"inLanguage\":\"de\"},{\"@type\":\"Person\",\"@id\":\"https:\\\/\\\/deberkel.info\\\/#\\\/schema\\\/person\\\/68626cffa2cc89382550cfe49c51a4f8\",\"name\":\"berkelcompagnie\",\"image\":{\"@type\":\"ImageObject\",\"inLanguage\":\"de\",\"@id\":\"https:\\\/\\\/secure.gravatar.com\\\/avatar\\\/6307c78d195e52619e6aab2303285d5038a965465385ad25ab0f683cf59b649e?s=96&d=mm&r=g\",\"url\":\"https:\\\/\\\/secure.gravatar.com\\\/avatar\\\/6307c78d195e52619e6aab2303285d5038a965465385ad25ab0f683cf59b649e?s=96&d=mm&r=g\",\"contentUrl\":\"https:\\\/\\\/secure.gravatar.com\\\/avatar\\\/6307c78d195e52619e6aab2303285d5038a965465385ad25ab0f683cf59b649e?s=96&d=mm&r=g\",\"caption\":\"berkelcompagnie\"}}]}<\/script>\n<!-- \/ Yoast SEO plugin. -->","yoast_head_json":{"title":"Berkelfestival 2022: Aktivit\u00e4t anmelden - Berkel Info","description":"Aufruf Angebote in das Berkelfestival 2022 in Stadtlohn einzubringen","robots":{"index":"index","follow":"follow","max-snippet":"max-snippet:-1","max-image-preview":"max-image-preview:large","max-video-preview":"max-video-preview:-1"},"canonical":"https:\/\/deberkel.info\/de\/berkelfestival-2022-aktivitaet-anmelden\/","og_locale":"de_DE","og_type":"article","og_title":"Berkelfestival 2022: Aktivit\u00e4t anmelden - Berkel Info","og_description":"Aufruf Angebote in das Berkelfestival 2022 in Stadtlohn einzubringen","og_url":"https:\/\/deberkel.info\/de\/berkelfestival-2022-aktivitaet-anmelden\/","og_site_name":"Berkel Info","article_published_time":"2022-02-25T10:20:18+00:00","article_modified_time":"2022-02-25T10:29:59+00:00","og_image":[{"width":600,"height":228,"url":"https:\/\/deberkel.info\/wp-content\/uploads\/2022\/02\/Berkelfestival2022-Stadtlohn-De-600x228-1.png","type":"image\/png"}],"author":"berkelcompagnie","twitter_card":"summary_large_image","twitter_misc":{"Verfasst von":"berkelcompagnie","Gesch\u00e4tzte Lesezeit":"2\u00a0Minuten"},"schema":{"@context":"https:\/\/schema.org","@graph":[{"@type":"Article","@id":"https:\/\/deberkel.info\/de\/berkelfestival-2022-aktivitaet-anmelden\/#article","isPartOf":{"@id":"https:\/\/deberkel.info\/de\/berkelfestival-2022-aktivitaet-anmelden\/"},"author":{"name":"berkelcompagnie","@id":"https:\/\/deberkel.info\/#\/schema\/person\/68626cffa2cc89382550cfe49c51a4f8"},"headline":"Berkelfestival 2022: Aktivit\u00e4t anmelden","datePublished":"2022-02-25T10:20:18+00:00","dateModified":"2022-02-25T10:29:59+00:00","mainEntityOfPage":{"@id":"https:\/\/deberkel.info\/de\/berkelfestival-2022-aktivitaet-anmelden\/"},"wordCount":251,"image":{"@id":"https:\/\/deberkel.info\/de\/berkelfestival-2022-aktivitaet-anmelden\/#primaryimage"},"thumbnailUrl":"https:\/\/deberkel.info\/wp-content\/uploads\/2022\/02\/Berkelfestival2022-Stadtlohn-De-600x228-1.png","articleSection":["Berkelfestival 2022","Titelseite Nachrichten"],"inLanguage":"de"},{"@type":"WebPage","@id":"https:\/\/deberkel.info\/de\/berkelfestival-2022-aktivitaet-anmelden\/","url":"https:\/\/deberkel.info\/de\/berkelfestival-2022-aktivitaet-anmelden\/","name":"Berkelfestival 2022: Aktivit\u00e4t anmelden - Berkel Info","isPartOf":{"@id":"https:\/\/deberkel.info\/#website"},"primaryImageOfPage":{"@id":"https:\/\/deberkel.info\/de\/berkelfestival-2022-aktivitaet-anmelden\/#primaryimage"},"image":{"@id":"https:\/\/deberkel.info\/de\/berkelfestival-2022-aktivitaet-anmelden\/#primaryimage"},"thumbnailUrl":"https:\/\/deberkel.info\/wp-content\/uploads\/2022\/02\/Berkelfestival2022-Stadtlohn-De-600x228-1.png","datePublished":"2022-02-25T10:20:18+00:00","dateModified":"2022-02-25T10:29:59+00:00","author":{"@id":"https:\/\/deberkel.info\/#\/schema\/person\/68626cffa2cc89382550cfe49c51a4f8"},"description":"Aufruf Angebote in das Berkelfestival 2022 in Stadtlohn einzubringen","breadcrumb":{"@id":"https:\/\/deberkel.info\/de\/berkelfestival-2022-aktivitaet-anmelden\/#breadcrumb"},"inLanguage":"de","potentialAction":[{"@type":"ReadAction","target":["https:\/\/deberkel.info\/de\/berkelfestival-2022-aktivitaet-anmelden\/"]}]},{"@type":"ImageObject","inLanguage":"de","@id":"https:\/\/deberkel.info\/de\/berkelfestival-2022-aktivitaet-anmelden\/#primaryimage","url":"https:\/\/deberkel.info\/wp-content\/uploads\/2022\/02\/Berkelfestival2022-Stadtlohn-De-600x228-1.png","contentUrl":"https:\/\/deberkel.info\/wp-content\/uploads\/2022\/02\/Berkelfestival2022-Stadtlohn-De-600x228-1.png","width":600,"height":228},{"@type":"BreadcrumbList","@id":"https:\/\/deberkel.info\/de\/berkelfestival-2022-aktivitaet-anmelden\/#breadcrumb","itemListElement":[{"@type":"ListItem","position":1,"name":"Home","item":"https:\/\/deberkel.info\/de\/"},{"@type":"ListItem","position":2,"name":"Berkelfestival 2022: Aktivit\u00e4t anmelden"}]},{"@type":"WebSite","@id":"https:\/\/deberkel.info\/#website","url":"https:\/\/deberkel.info\/","name":"Berkel Info","description":"Alles over de Berkel en het Berkeldal, van Billerbeck tot Zutphen","potentialAction":[{"@type":"SearchAction","target":{"@type":"EntryPoint","urlTemplate":"https:\/\/deberkel.info\/?s={search_term_string}"},"query-input":{"@type":"PropertyValueSpecification","valueRequired":true,"valueName":"search_term_string"}}],"inLanguage":"de"},{"@type":"Person","@id":"https:\/\/deberkel.info\/#\/schema\/person\/68626cffa2cc89382550cfe49c51a4f8","name":"berkelcompagnie","image":{"@type":"ImageObject","inLanguage":"de","@id":"https:\/\/secure.gravatar.com\/avatar\/6307c78d195e52619e6aab2303285d5038a965465385ad25ab0f683cf59b649e?s=96&d=mm&r=g","url":"https:\/\/secure.gravatar.com\/avatar\/6307c78d195e52619e6aab2303285d5038a965465385ad25ab0f683cf59b649e?s=96&d=mm&r=g","contentUrl":"https:\/\/secure.gravatar.com\/avatar\/6307c78d195e52619e6aab2303285d5038a965465385ad25ab0f683cf59b649e?s=96&d=mm&r=g","caption":"berkelcompagnie"}}]}},"rttpg_featured_image_url":{"full":["https:\/\/deberkel.info\/wp-content\/uploads\/2022\/02\/Berkelfestival2022-Stadtlohn-De-600x228-1.png",600,228,false],"landscape":["https:\/\/deberkel.info\/wp-content\/uploads\/2022\/02\/Berkelfestival2022-Stadtlohn-De-600x228-1.png",600,228,false],"portraits":["https:\/\/deberkel.info\/wp-content\/uploads\/2022\/02\/Berkelfestival2022-Stadtlohn-De-600x228-1.png",600,228,false],"thumbnail":["https:\/\/deberkel.info\/wp-content\/uploads\/2022\/02\/Berkelfestival2022-Stadtlohn-De-600x228-1-150x150.png",150,150,true],"medium":["https:\/\/deberkel.info\/wp-content\/uploads\/2022\/02\/Berkelfestival2022-Stadtlohn-De-600x228-1-300x114.png",300,114,true],"large":["https:\/\/deberkel.info\/wp-content\/uploads\/2022\/02\/Berkelfestival2022-Stadtlohn-De-600x228-1.png",584,222,false],"1536x1536":["https:\/\/deberkel.info\/wp-content\/uploads\/2022\/02\/Berkelfestival2022-Stadtlohn-De-600x228-1.png",600,228,false],"2048x2048":["https:\/\/deberkel.info\/wp-content\/uploads\/2022\/02\/Berkelfestival2022-Stadtlohn-De-600x228-1.png",600,228,false],"post-thumbnail":["https:\/\/deberkel.info\/wp-content\/uploads\/2022\/02\/Berkelfestival2022-Stadtlohn-De-600x228-1.png",600,228,false],"large-feature":["https:\/\/deberkel.info\/wp-content\/uploads\/2022\/02\/Berkelfestival2022-Stadtlohn-De-600x228-1.png",600,228,false],"small-feature":["https:\/\/deberkel.info\/wp-content\/uploads\/2022\/02\/Berkelfestival2022-Stadtlohn-De-600x228-1-500x190.png",500,190,true]},"rttpg_author":{"display_name":"berkelcompagnie","author_link":"https:\/\/deberkel.info\/author\/berkelcompagnie\/"},"rttpg_comment":0,"rttpg_category":"<a href=\"https:\/\/deberkel.info\/de\/berichtenlijsten\/berkelfestival-2022\/\" rel=\"category tag\">Berkelfestival 2022<\/a> <a href=\"https:\/\/deberkel.info\/de\/nieuws\/\" rel=\"category tag\">Titelseite Nachrichten<\/a>","rttpg_excerpt":"Alle Organisationen, Vereine, Unternehmen und sonstigen Interessierten werden dazu aufgerufen, Angebote in das Berkelfestival einzubringen Weiterlesen &rarr;","_links":{"self":[{"href":"https:\/\/deberkel.info\/wp-json\/wp\/v2\/posts\/15427","targetHints":{"allow":["GET"]}}],"collection":[{"href":"https:\/\/deberkel.info\/wp-json\/wp\/v2\/posts"}],"about":[{"href":"https:\/\/deberkel.info\/wp-json\/wp\/v2\/types\/post"}],"author":[{"embeddable":true,"href":"https:\/\/deberkel.info\/wp-json\/wp\/v2\/users\/1"}],"replies":[{"embeddable":true,"href":"https:\/\/deberkel.info\/wp-json\/wp\/v2\/comments?post=15427"}],"version-history":[{"count":4,"href":"https:\/\/deberkel.info\/wp-json\/wp\/v2\/posts\/15427\/revisions"}],"predecessor-version":[{"id":15436,"href":"https:\/\/deberkel.info\/wp-json\/wp\/v2\/posts\/15427\/revisions\/15436"}],"wp:featuredmedia":[{"embeddable":true,"href":"https:\/\/deberkel.info\/wp-json\/wp\/v2\/media\/15432"}],"wp:attachment":[{"href":"https:\/\/deberkel.info\/wp-json\/wp\/v2\/media?parent=15427"}],"wp:term":[{"taxonomy":"category","embeddable":true,"href":"https:\/\/deberkel.info\/wp-json\/wp\/v2\/categories?post=15427"},{"taxonomy":"post_tag","embeddable":true,"href":"https:\/\/deberkel.info\/wp-json\/wp\/v2\/tags?post=15427"}],"curies":[{"name":"wp","href":"https:\/\/api.w.org\/{rel}","templated":true}]}}