{"id":15685,"date":"2022-05-03T20:59:13","date_gmt":"2022-05-03T18:59:13","guid":{"rendered":"https:\/\/deberkel.info\/?p=15685"},"modified":"2022-05-03T21:05:08","modified_gmt":"2022-05-03T19:05:08","slug":"spirituelle-route-lochem-geoeffnet-am-7-mai-2022","status":"publish","type":"post","link":"https:\/\/deberkel.info\/de\/spirituelle-route-lochem-geoeffnet-am-7-mai-2022\/","title":{"rendered":"Spirituelle Route Lochem ge\u00f6ffnet am 7. Mai 2022"},"content":{"rendered":"<div id=\"attachment_15679\" style=\"width: 610px\" class=\"wp-caption alignnone\"><img loading=\"lazy\" decoding=\"async\" aria-describedby=\"caption-attachment-15679\" class=\"wp-image-15679 size-full\" src=\"https:\/\/deberkel.info\/wp-content\/uploads\/2022\/05\/20220503_Berkelbode-SpiritueleRouteLochemOpening-600x358-1.jpg\" alt=\"\" width=\"600\" height=\"358\" srcset=\"https:\/\/deberkel.info\/wp-content\/uploads\/2022\/05\/20220503_Berkelbode-SpiritueleRouteLochemOpening-600x358-1.jpg 600w, https:\/\/deberkel.info\/wp-content\/uploads\/2022\/05\/20220503_Berkelbode-SpiritueleRouteLochemOpening-600x358-1-300x179.jpg 300w, https:\/\/deberkel.info\/wp-content\/uploads\/2022\/05\/20220503_Berkelbode-SpiritueleRouteLochemOpening-600x358-1-500x298.jpg 500w\" sizes=\"auto, (max-width: 600px) 100vw, 600px\" \/><p id=\"caption-attachment-15679\" class=\"wp-caption-text\">Foto Arjen Dieperink Berkelbode<\/p><\/div>\n<p>Im <a href=\"https:\/\/www.berkelbode.nl\/nieuws\/natuur\/416318\/toeristisch-aanbod-de-berkel-uitgebreid-met-spirituele-route\" target=\"_blank\" rel=\"noopener\">Berkelbode<\/a> wird angek\u00fcndigt das die neue Spirituelle Route in Lochem am 7. Mai um 10 U 30 ge\u00f6ffnet wird beim &#8218;Bezielend Inspiratie Centrum&#8216; (BIC) am Noorderwal 17.<\/p>\n<p><a href=\"\/spirituele-plaatsen-langs-de-berkel\/#Lochem\"><img loading=\"lazy\" decoding=\"async\" class=\"alignleft wp-image-15681 size-full\" src=\"https:\/\/deberkel.info\/wp-content\/uploads\/2022\/05\/CoverLochem-250x366-1.jpg\" alt=\"\" width=\"250\" height=\"366\" srcset=\"https:\/\/deberkel.info\/wp-content\/uploads\/2022\/05\/CoverLochem-250x366-1.jpg 250w, https:\/\/deberkel.info\/wp-content\/uploads\/2022\/05\/CoverLochem-250x366-1-205x300.jpg 205w\" sizes=\"auto, (max-width: 250px) 100vw, 250px\" \/><\/a><br \/>\nDie Route ist <a href=\"\/de\/spirituelle-orte-entlang-der-berkel\/#Lochem\">hier<\/a> auch zu finden auf dieser Webseite, mit Flyer und Navigation Datei.<br \/>\nLese der Bericht von Arjen Dieperink <a href=\"https:\/\/www.berkelbode.nl\/nieuws\/natuur\/416318\/toeristisch-aanbod-de-berkel-uitgebreid-met-spirituele-route\" target=\"_blank\" rel=\"noopener\">im Berkelbode<\/a> oder hierunter.<\/p>\n<p>&nbsp;<\/p>\n<p>&nbsp;<\/p>\n<p>&nbsp;<\/p>\n<p>&nbsp;<\/p>\n<p>&nbsp;<\/p>\n<p>&nbsp;<\/p>\n<a href=\"https:\/\/deberkel.info\/wp-content\/uploads\/2022\/05\/20220503_Berkelbode-SpiritueleRouteLochemOpening.pdf\" class=\"pdfemb-viewer\" style=\"width: 800px; \" data-width=\"800\" data-height=\"max\" data-mobile-width=\"500\"  data-scrollbar=\"none\" data-download=\"on\" data-tracking=\"on\" data-newwindow=\"on\" data-pagetextbox=\"off\" data-scrolltotop=\"off\" data-startzoom=\"100\" data-startfpzoom=\"100\" data-toolbar=\"both\" data-toolbar-fixed=\"on\">20220503_Berkelbode-SpiritueleRouteLochemOpening<br\/><\/a>\n","protected":false},"excerpt":{"rendered":"<p>Ank\u00fcndigung im Berkelbode \u00fcber die \u00d6ffnung der Spirituelle Route Lochem am 7. Mai 2022 <a href=\"https:\/\/deberkel.info\/de\/spirituelle-route-lochem-geoeffnet-am-7-mai-2022\/\">Weiterlesen <span class=\"meta-nav\">&rarr;<\/span><\/a><\/p>\n","protected":false},"author":1,"featured_media":15679,"comment_status":"closed","ping_status":"closed","sticky":false,"template":"","format":"standard","meta":{"_exactmetrics_skip_tracking":false,"_exactmetrics_sitenote_active":false,"_exactmetrics_sitenote_note":"","_exactmetrics_sitenote_category":0,"ngg_post_thumbnail":0,"_locale":"de_DE","_original_post":"https:\/\/deberkel.info\/?p=15678","footnotes":"","_links_to":"","_links_to_target":""},"categories":[7],"tags":[],"class_list":["post-15685","post","type-post","status-publish","format-standard","has-post-thumbnail","hentry","category-nieuws","de-DE"],"yoast_head":"<!-- This site is optimized with the Yoast SEO plugin v27.5 - https:\/\/yoast.com\/product\/yoast-seo-wordpress\/ -->\n<title>Spirituelle Route Lochem ge\u00f6ffnet am 7. Mai 2022 - Berkel Info<\/title>\n<meta name=\"description\" content=\"\u00d6ffnung Spirituelle Route Lochem am 7. Mai 2022\" \/>\n<meta name=\"robots\" content=\"index, follow, max-snippet:-1, max-image-preview:large, max-video-preview:-1\" \/>\n<link rel=\"canonical\" href=\"https:\/\/deberkel.info\/de\/spirituelle-route-lochem-geoeffnet-am-7-mai-2022\/\" \/>\n<meta property=\"og:locale\" content=\"de_DE\" \/>\n<meta property=\"og:type\" content=\"article\" \/>\n<meta property=\"og:title\" content=\"Spirituelle Route Lochem ge\u00f6ffnet am 7. Mai 2022 - Berkel Info\" \/>\n<meta property=\"og:description\" content=\"\u00d6ffnung Spirituelle Route Lochem am 7. Mai 2022\" \/>\n<meta property=\"og:url\" content=\"https:\/\/deberkel.info\/de\/spirituelle-route-lochem-geoeffnet-am-7-mai-2022\/\" \/>\n<meta property=\"og:site_name\" content=\"Berkel Info\" \/>\n<meta property=\"article:published_time\" content=\"2022-05-03T18:59:13+00:00\" \/>\n<meta property=\"article:modified_time\" content=\"2022-05-03T19:05:08+00:00\" \/>\n<meta property=\"og:image\" content=\"https:\/\/deberkel.info\/wp-content\/uploads\/2022\/05\/20220503_Berkelbode-SpiritueleRouteLochemOpening-600x358-1.jpg\" \/>\n\t<meta property=\"og:image:width\" content=\"600\" \/>\n\t<meta property=\"og:image:height\" content=\"358\" \/>\n\t<meta property=\"og:image:type\" content=\"image\/jpeg\" \/>\n<meta name=\"author\" content=\"berkelcompagnie\" \/>\n<meta name=\"twitter:card\" content=\"summary_large_image\" \/>\n<meta name=\"twitter:label1\" content=\"Verfasst von\" \/>\n\t<meta name=\"twitter:data1\" content=\"berkelcompagnie\" \/>\n\t<meta name=\"twitter:label2\" content=\"Gesch\u00e4tzte Lesezeit\" \/>\n\t<meta name=\"twitter:data2\" content=\"1\u00a0Minute\" \/>\n<script type=\"application\/ld+json\" class=\"yoast-schema-graph\">{\"@context\":\"https:\\\/\\\/schema.org\",\"@graph\":[{\"@type\":\"Article\",\"@id\":\"https:\\\/\\\/deberkel.info\\\/de\\\/spirituelle-route-lochem-geoeffnet-am-7-mai-2022\\\/#article\",\"isPartOf\":{\"@id\":\"https:\\\/\\\/deberkel.info\\\/de\\\/spirituelle-route-lochem-geoeffnet-am-7-mai-2022\\\/\"},\"author\":{\"name\":\"berkelcompagnie\",\"@id\":\"https:\\\/\\\/deberkel.info\\\/#\\\/schema\\\/person\\\/68626cffa2cc89382550cfe49c51a4f8\"},\"headline\":\"Spirituelle Route Lochem ge\u00f6ffnet am 7. Mai 2022\",\"datePublished\":\"2022-05-03T18:59:13+00:00\",\"dateModified\":\"2022-05-03T19:05:08+00:00\",\"mainEntityOfPage\":{\"@id\":\"https:\\\/\\\/deberkel.info\\\/de\\\/spirituelle-route-lochem-geoeffnet-am-7-mai-2022\\\/\"},\"wordCount\":84,\"image\":{\"@id\":\"https:\\\/\\\/deberkel.info\\\/de\\\/spirituelle-route-lochem-geoeffnet-am-7-mai-2022\\\/#primaryimage\"},\"thumbnailUrl\":\"https:\\\/\\\/deberkel.info\\\/wp-content\\\/uploads\\\/2022\\\/05\\\/20220503_Berkelbode-SpiritueleRouteLochemOpening-600x358-1.jpg\",\"articleSection\":[\"Titelseite Nachrichten\"],\"inLanguage\":\"de\"},{\"@type\":\"WebPage\",\"@id\":\"https:\\\/\\\/deberkel.info\\\/de\\\/spirituelle-route-lochem-geoeffnet-am-7-mai-2022\\\/\",\"url\":\"https:\\\/\\\/deberkel.info\\\/de\\\/spirituelle-route-lochem-geoeffnet-am-7-mai-2022\\\/\",\"name\":\"Spirituelle Route Lochem ge\u00f6ffnet am 7. Mai 2022 - Berkel Info\",\"isPartOf\":{\"@id\":\"https:\\\/\\\/deberkel.info\\\/#website\"},\"primaryImageOfPage\":{\"@id\":\"https:\\\/\\\/deberkel.info\\\/de\\\/spirituelle-route-lochem-geoeffnet-am-7-mai-2022\\\/#primaryimage\"},\"image\":{\"@id\":\"https:\\\/\\\/deberkel.info\\\/de\\\/spirituelle-route-lochem-geoeffnet-am-7-mai-2022\\\/#primaryimage\"},\"thumbnailUrl\":\"https:\\\/\\\/deberkel.info\\\/wp-content\\\/uploads\\\/2022\\\/05\\\/20220503_Berkelbode-SpiritueleRouteLochemOpening-600x358-1.jpg\",\"datePublished\":\"2022-05-03T18:59:13+00:00\",\"dateModified\":\"2022-05-03T19:05:08+00:00\",\"author\":{\"@id\":\"https:\\\/\\\/deberkel.info\\\/#\\\/schema\\\/person\\\/68626cffa2cc89382550cfe49c51a4f8\"},\"description\":\"\u00d6ffnung Spirituelle Route Lochem am 7. Mai 2022\",\"breadcrumb\":{\"@id\":\"https:\\\/\\\/deberkel.info\\\/de\\\/spirituelle-route-lochem-geoeffnet-am-7-mai-2022\\\/#breadcrumb\"},\"inLanguage\":\"de\",\"potentialAction\":[{\"@type\":\"ReadAction\",\"target\":[\"https:\\\/\\\/deberkel.info\\\/de\\\/spirituelle-route-lochem-geoeffnet-am-7-mai-2022\\\/\"]}]},{\"@type\":\"ImageObject\",\"inLanguage\":\"de\",\"@id\":\"https:\\\/\\\/deberkel.info\\\/de\\\/spirituelle-route-lochem-geoeffnet-am-7-mai-2022\\\/#primaryimage\",\"url\":\"https:\\\/\\\/deberkel.info\\\/wp-content\\\/uploads\\\/2022\\\/05\\\/20220503_Berkelbode-SpiritueleRouteLochemOpening-600x358-1.jpg\",\"contentUrl\":\"https:\\\/\\\/deberkel.info\\\/wp-content\\\/uploads\\\/2022\\\/05\\\/20220503_Berkelbode-SpiritueleRouteLochemOpening-600x358-1.jpg\",\"width\":600,\"height\":358},{\"@type\":\"BreadcrumbList\",\"@id\":\"https:\\\/\\\/deberkel.info\\\/de\\\/spirituelle-route-lochem-geoeffnet-am-7-mai-2022\\\/#breadcrumb\",\"itemListElement\":[{\"@type\":\"ListItem\",\"position\":1,\"name\":\"Home\",\"item\":\"https:\\\/\\\/deberkel.info\\\/de\\\/\"},{\"@type\":\"ListItem\",\"position\":2,\"name\":\"Spirituelle Route Lochem ge\u00f6ffnet am 7. Mai 2022\"}]},{\"@type\":\"WebSite\",\"@id\":\"https:\\\/\\\/deberkel.info\\\/#website\",\"url\":\"https:\\\/\\\/deberkel.info\\\/\",\"name\":\"Berkel Info\",\"description\":\"Alles over de Berkel en het Berkeldal, van Billerbeck tot Zutphen\",\"potentialAction\":[{\"@type\":\"SearchAction\",\"target\":{\"@type\":\"EntryPoint\",\"urlTemplate\":\"https:\\\/\\\/deberkel.info\\\/?s={search_term_string}\"},\"query-input\":{\"@type\":\"PropertyValueSpecification\",\"valueRequired\":true,\"valueName\":\"search_term_string\"}}],\"inLanguage\":\"de\"},{\"@type\":\"Person\",\"@id\":\"https:\\\/\\\/deberkel.info\\\/#\\\/schema\\\/person\\\/68626cffa2cc89382550cfe49c51a4f8\",\"name\":\"berkelcompagnie\",\"image\":{\"@type\":\"ImageObject\",\"inLanguage\":\"de\",\"@id\":\"https:\\\/\\\/secure.gravatar.com\\\/avatar\\\/6307c78d195e52619e6aab2303285d5038a965465385ad25ab0f683cf59b649e?s=96&d=mm&r=g\",\"url\":\"https:\\\/\\\/secure.gravatar.com\\\/avatar\\\/6307c78d195e52619e6aab2303285d5038a965465385ad25ab0f683cf59b649e?s=96&d=mm&r=g\",\"contentUrl\":\"https:\\\/\\\/secure.gravatar.com\\\/avatar\\\/6307c78d195e52619e6aab2303285d5038a965465385ad25ab0f683cf59b649e?s=96&d=mm&r=g\",\"caption\":\"berkelcompagnie\"}}]}<\/script>\n<!-- \/ Yoast SEO plugin. -->","yoast_head_json":{"title":"Spirituelle Route Lochem ge\u00f6ffnet am 7. Mai 2022 - Berkel Info","description":"\u00d6ffnung Spirituelle Route Lochem am 7. Mai 2022","robots":{"index":"index","follow":"follow","max-snippet":"max-snippet:-1","max-image-preview":"max-image-preview:large","max-video-preview":"max-video-preview:-1"},"canonical":"https:\/\/deberkel.info\/de\/spirituelle-route-lochem-geoeffnet-am-7-mai-2022\/","og_locale":"de_DE","og_type":"article","og_title":"Spirituelle Route Lochem ge\u00f6ffnet am 7. Mai 2022 - Berkel Info","og_description":"\u00d6ffnung Spirituelle Route Lochem am 7. Mai 2022","og_url":"https:\/\/deberkel.info\/de\/spirituelle-route-lochem-geoeffnet-am-7-mai-2022\/","og_site_name":"Berkel Info","article_published_time":"2022-05-03T18:59:13+00:00","article_modified_time":"2022-05-03T19:05:08+00:00","og_image":[{"width":600,"height":358,"url":"https:\/\/deberkel.info\/wp-content\/uploads\/2022\/05\/20220503_Berkelbode-SpiritueleRouteLochemOpening-600x358-1.jpg","type":"image\/jpeg"}],"author":"berkelcompagnie","twitter_card":"summary_large_image","twitter_misc":{"Verfasst von":"berkelcompagnie","Gesch\u00e4tzte Lesezeit":"1\u00a0Minute"},"schema":{"@context":"https:\/\/schema.org","@graph":[{"@type":"Article","@id":"https:\/\/deberkel.info\/de\/spirituelle-route-lochem-geoeffnet-am-7-mai-2022\/#article","isPartOf":{"@id":"https:\/\/deberkel.info\/de\/spirituelle-route-lochem-geoeffnet-am-7-mai-2022\/"},"author":{"name":"berkelcompagnie","@id":"https:\/\/deberkel.info\/#\/schema\/person\/68626cffa2cc89382550cfe49c51a4f8"},"headline":"Spirituelle Route Lochem ge\u00f6ffnet am 7. Mai 2022","datePublished":"2022-05-03T18:59:13+00:00","dateModified":"2022-05-03T19:05:08+00:00","mainEntityOfPage":{"@id":"https:\/\/deberkel.info\/de\/spirituelle-route-lochem-geoeffnet-am-7-mai-2022\/"},"wordCount":84,"image":{"@id":"https:\/\/deberkel.info\/de\/spirituelle-route-lochem-geoeffnet-am-7-mai-2022\/#primaryimage"},"thumbnailUrl":"https:\/\/deberkel.info\/wp-content\/uploads\/2022\/05\/20220503_Berkelbode-SpiritueleRouteLochemOpening-600x358-1.jpg","articleSection":["Titelseite Nachrichten"],"inLanguage":"de"},{"@type":"WebPage","@id":"https:\/\/deberkel.info\/de\/spirituelle-route-lochem-geoeffnet-am-7-mai-2022\/","url":"https:\/\/deberkel.info\/de\/spirituelle-route-lochem-geoeffnet-am-7-mai-2022\/","name":"Spirituelle Route Lochem ge\u00f6ffnet am 7. Mai 2022 - Berkel Info","isPartOf":{"@id":"https:\/\/deberkel.info\/#website"},"primaryImageOfPage":{"@id":"https:\/\/deberkel.info\/de\/spirituelle-route-lochem-geoeffnet-am-7-mai-2022\/#primaryimage"},"image":{"@id":"https:\/\/deberkel.info\/de\/spirituelle-route-lochem-geoeffnet-am-7-mai-2022\/#primaryimage"},"thumbnailUrl":"https:\/\/deberkel.info\/wp-content\/uploads\/2022\/05\/20220503_Berkelbode-SpiritueleRouteLochemOpening-600x358-1.jpg","datePublished":"2022-05-03T18:59:13+00:00","dateModified":"2022-05-03T19:05:08+00:00","author":{"@id":"https:\/\/deberkel.info\/#\/schema\/person\/68626cffa2cc89382550cfe49c51a4f8"},"description":"\u00d6ffnung Spirituelle Route Lochem am 7. Mai 2022","breadcrumb":{"@id":"https:\/\/deberkel.info\/de\/spirituelle-route-lochem-geoeffnet-am-7-mai-2022\/#breadcrumb"},"inLanguage":"de","potentialAction":[{"@type":"ReadAction","target":["https:\/\/deberkel.info\/de\/spirituelle-route-lochem-geoeffnet-am-7-mai-2022\/"]}]},{"@type":"ImageObject","inLanguage":"de","@id":"https:\/\/deberkel.info\/de\/spirituelle-route-lochem-geoeffnet-am-7-mai-2022\/#primaryimage","url":"https:\/\/deberkel.info\/wp-content\/uploads\/2022\/05\/20220503_Berkelbode-SpiritueleRouteLochemOpening-600x358-1.jpg","contentUrl":"https:\/\/deberkel.info\/wp-content\/uploads\/2022\/05\/20220503_Berkelbode-SpiritueleRouteLochemOpening-600x358-1.jpg","width":600,"height":358},{"@type":"BreadcrumbList","@id":"https:\/\/deberkel.info\/de\/spirituelle-route-lochem-geoeffnet-am-7-mai-2022\/#breadcrumb","itemListElement":[{"@type":"ListItem","position":1,"name":"Home","item":"https:\/\/deberkel.info\/de\/"},{"@type":"ListItem","position":2,"name":"Spirituelle Route Lochem ge\u00f6ffnet am 7. Mai 2022"}]},{"@type":"WebSite","@id":"https:\/\/deberkel.info\/#website","url":"https:\/\/deberkel.info\/","name":"Berkel Info","description":"Alles over de Berkel en het Berkeldal, van Billerbeck tot Zutphen","potentialAction":[{"@type":"SearchAction","target":{"@type":"EntryPoint","urlTemplate":"https:\/\/deberkel.info\/?s={search_term_string}"},"query-input":{"@type":"PropertyValueSpecification","valueRequired":true,"valueName":"search_term_string"}}],"inLanguage":"de"},{"@type":"Person","@id":"https:\/\/deberkel.info\/#\/schema\/person\/68626cffa2cc89382550cfe49c51a4f8","name":"berkelcompagnie","image":{"@type":"ImageObject","inLanguage":"de","@id":"https:\/\/secure.gravatar.com\/avatar\/6307c78d195e52619e6aab2303285d5038a965465385ad25ab0f683cf59b649e?s=96&d=mm&r=g","url":"https:\/\/secure.gravatar.com\/avatar\/6307c78d195e52619e6aab2303285d5038a965465385ad25ab0f683cf59b649e?s=96&d=mm&r=g","contentUrl":"https:\/\/secure.gravatar.com\/avatar\/6307c78d195e52619e6aab2303285d5038a965465385ad25ab0f683cf59b649e?s=96&d=mm&r=g","caption":"berkelcompagnie"}}]}},"rttpg_featured_image_url":{"full":["https:\/\/deberkel.info\/wp-content\/uploads\/2022\/05\/20220503_Berkelbode-SpiritueleRouteLochemOpening-600x358-1.jpg",600,358,false],"landscape":["https:\/\/deberkel.info\/wp-content\/uploads\/2022\/05\/20220503_Berkelbode-SpiritueleRouteLochemOpening-600x358-1.jpg",600,358,false],"portraits":["https:\/\/deberkel.info\/wp-content\/uploads\/2022\/05\/20220503_Berkelbode-SpiritueleRouteLochemOpening-600x358-1.jpg",600,358,false],"thumbnail":["https:\/\/deberkel.info\/wp-content\/uploads\/2022\/05\/20220503_Berkelbode-SpiritueleRouteLochemOpening-600x358-1-150x150.jpg",150,150,true],"medium":["https:\/\/deberkel.info\/wp-content\/uploads\/2022\/05\/20220503_Berkelbode-SpiritueleRouteLochemOpening-600x358-1-300x179.jpg",300,179,true],"large":["https:\/\/deberkel.info\/wp-content\/uploads\/2022\/05\/20220503_Berkelbode-SpiritueleRouteLochemOpening-600x358-1.jpg",584,348,false],"1536x1536":["https:\/\/deberkel.info\/wp-content\/uploads\/2022\/05\/20220503_Berkelbode-SpiritueleRouteLochemOpening-600x358-1.jpg",600,358,false],"2048x2048":["https:\/\/deberkel.info\/wp-content\/uploads\/2022\/05\/20220503_Berkelbode-SpiritueleRouteLochemOpening-600x358-1.jpg",600,358,false],"post-thumbnail":["https:\/\/deberkel.info\/wp-content\/uploads\/2022\/05\/20220503_Berkelbode-SpiritueleRouteLochemOpening-600x358-1-600x288.jpg",600,288,true],"large-feature":["https:\/\/deberkel.info\/wp-content\/uploads\/2022\/05\/20220503_Berkelbode-SpiritueleRouteLochemOpening-600x358-1-600x288.jpg",600,288,true],"small-feature":["https:\/\/deberkel.info\/wp-content\/uploads\/2022\/05\/20220503_Berkelbode-SpiritueleRouteLochemOpening-600x358-1-500x298.jpg",500,298,true]},"rttpg_author":{"display_name":"berkelcompagnie","author_link":"https:\/\/deberkel.info\/author\/berkelcompagnie\/"},"rttpg_comment":0,"rttpg_category":"<a href=\"https:\/\/deberkel.info\/de\/nieuws\/\" rel=\"category tag\">Titelseite Nachrichten<\/a>","rttpg_excerpt":"Ank\u00fcndigung im Berkelbode \u00fcber die \u00d6ffnung der Spirituelle Route Lochem am 7. Mai 2022 Weiterlesen &rarr;","_links":{"self":[{"href":"https:\/\/deberkel.info\/wp-json\/wp\/v2\/posts\/15685","targetHints":{"allow":["GET"]}}],"collection":[{"href":"https:\/\/deberkel.info\/wp-json\/wp\/v2\/posts"}],"about":[{"href":"https:\/\/deberkel.info\/wp-json\/wp\/v2\/types\/post"}],"author":[{"embeddable":true,"href":"https:\/\/deberkel.info\/wp-json\/wp\/v2\/users\/1"}],"replies":[{"embeddable":true,"href":"https:\/\/deberkel.info\/wp-json\/wp\/v2\/comments?post=15685"}],"version-history":[{"count":3,"href":"https:\/\/deberkel.info\/wp-json\/wp\/v2\/posts\/15685\/revisions"}],"predecessor-version":[{"id":15690,"href":"https:\/\/deberkel.info\/wp-json\/wp\/v2\/posts\/15685\/revisions\/15690"}],"wp:featuredmedia":[{"embeddable":true,"href":"https:\/\/deberkel.info\/wp-json\/wp\/v2\/media\/15679"}],"wp:attachment":[{"href":"https:\/\/deberkel.info\/wp-json\/wp\/v2\/media?parent=15685"}],"wp:term":[{"taxonomy":"category","embeddable":true,"href":"https:\/\/deberkel.info\/wp-json\/wp\/v2\/categories?post=15685"},{"taxonomy":"post_tag","embeddable":true,"href":"https:\/\/deberkel.info\/wp-json\/wp\/v2\/tags?post=15685"}],"curies":[{"name":"wp","href":"https:\/\/api.w.org\/{rel}","templated":true}]}}