{"id":16078,"date":"2022-10-08T16:22:24","date_gmt":"2022-10-08T14:22:24","guid":{"rendered":"https:\/\/deberkel.info\/?p=16078"},"modified":"2022-11-16T19:14:34","modified_gmt":"2022-11-16T18:14:34","slug":"25-jaehrig-jubilaeum-fluesterschiffer-zutphen","status":"publish","type":"post","link":"https:\/\/deberkel.info\/de\/25-jaehrig-jubilaeum-fluesterschiffer-zutphen\/","title":{"rendered":"25 j\u00e4hrig Jubil\u00e4um Fl\u00fcsterschiffer Zutphen"},"content":{"rendered":"<p><img loading=\"lazy\" decoding=\"async\" class=\"alignnone size-full wp-image-16072\" src=\"https:\/\/deberkel.info\/wp-content\/uploads\/2022\/10\/Fluisterboot-25jaar-600x409-1.jpg\" alt=\"\" width=\"600\" height=\"409\" srcset=\"https:\/\/deberkel.info\/wp-content\/uploads\/2022\/10\/Fluisterboot-25jaar-600x409-1.jpg 600w, https:\/\/deberkel.info\/wp-content\/uploads\/2022\/10\/Fluisterboot-25jaar-600x409-1-300x205.jpg 300w, https:\/\/deberkel.info\/wp-content\/uploads\/2022\/10\/Fluisterboot-25jaar-600x409-1-440x300.jpg 440w\" sizes=\"auto, (max-width: 600px) 100vw, 600px\" \/><\/p>\n<p>Am Freitagabend 7. Oktober 2022 wurde das 25. j\u00e4hrige Jubil\u00e4um gefeiert der &#8218;Stichting Toeristisch Varen&#8216; in Zutphen (<a href=\"https:\/\/fluisterboot-zutphen.nl\/nieuws-over-onze-jubileumactiviteiten\/\" target=\"_blank\" rel=\"noopener\">fluisterboot-zutphen<\/a>, die &#8222;Fl\u00fcsterschiffer&#8220;).<br \/>\nEs gab beleuchtete Fahrten auf der Berkel und viel Unterhaltung mit Musik und Ballett Vorstellungen.<\/p>\n<p>Sehe auch die Bilder auf <a href=\"https:\/\/fluisterboot-zutphen.nl\/nieuws-over-onze-jubileumactiviteiten\/\" target=\"_blank\" rel=\"noopener\">fluisterboot-zutphen.nl<\/a>.<\/p>\n<p>Und eine Video von Jan Riethorst auf FaceBook:<br \/>\n<iframe loading=\"lazy\" style=\"width: 488px; height: 488px; border: none; overflow: hidden;\" src=\"https:\/\/www.facebook.com\/plugins\/post.php?href=https%3A%2F%2Fwww.facebook.com%2Ffluisterbootzut%2Fposts%2Fpfbid0Bugvx4NDDiLN2j3pEa45Vt5qioiAn6pGCsYsdEJ7LBYaSQRXZq2Va1jFCDYUUgyAl&amp;show_text=true&amp;width=500\" width=\"500\" height=\"488\" frameborder=\"0\" scrolling=\"no\" allowfullscreen=\"allowfullscreen\"><span data-mce-type=\"bookmark\" style=\"display: inline-block; width: 0px; overflow: hidden; line-height: 0;\" class=\"mce_SELRES_start\">\ufeff<\/span><\/iframe><\/p>\n<p>Und ein Bericht im Stentor am 14. November 2022:<\/p>\n<div style=\"width: 600px;\"><a href=\"https:\/\/deberkel.info\/wp-content\/uploads\/2022\/10\/20221114-Stentor-Fluisterschippers.pdf\" class=\"pdfemb-viewer\" style=\"width: 800px; \" data-width=\"800\" data-height=\"max\" data-mobile-width=\"500\"  data-scrollbar=\"none\" data-download=\"on\" data-tracking=\"on\" data-newwindow=\"on\" data-pagetextbox=\"off\" data-scrolltotop=\"off\" data-startzoom=\"100\" data-startfpzoom=\"100\" data-toolbar=\"both\" data-toolbar-fixed=\"on\">20221114-Stentor-Fluisterschippers<br\/><\/a><\/div>\n","protected":false},"excerpt":{"rendered":"<p>25 j\u00e4hrig Jubileum Stichting Toeristisch Varen Zutphen (Fl\u00fcsterschiffer auf der Berkel) <a href=\"https:\/\/deberkel.info\/de\/25-jaehrig-jubilaeum-fluesterschiffer-zutphen\/\">Weiterlesen <span class=\"meta-nav\">&rarr;<\/span><\/a><\/p>\n","protected":false},"author":1,"featured_media":16072,"comment_status":"closed","ping_status":"closed","sticky":false,"template":"","format":"standard","meta":{"_exactmetrics_skip_tracking":false,"_exactmetrics_sitenote_active":false,"_exactmetrics_sitenote_note":"","_exactmetrics_sitenote_category":0,"ngg_post_thumbnail":0,"_locale":"de_DE","_original_post":"https:\/\/deberkel.info\/?p=16071","footnotes":"","_links_to":"","_links_to_target":""},"categories":[7],"tags":[],"class_list":["post-16078","post","type-post","status-publish","format-standard","has-post-thumbnail","hentry","category-nieuws","de-DE"],"yoast_head":"<!-- This site is optimized with the Yoast SEO plugin v27.5 - https:\/\/yoast.com\/product\/yoast-seo-wordpress\/ -->\n<title>25 j\u00e4hrig Jubil\u00e4um Fl\u00fcsterschiffer Zutphen - Berkel Info<\/title>\n<meta name=\"description\" content=\"25 j\u00e4hrig Jubileum Stichting Toeristisch Varen Zutphen (Fl\u00fcsterschiffer auf der Berkel)\" \/>\n<meta name=\"robots\" content=\"index, follow, max-snippet:-1, max-image-preview:large, max-video-preview:-1\" \/>\n<link rel=\"canonical\" href=\"https:\/\/deberkel.info\/de\/25-jaehrig-jubilaeum-fluesterschiffer-zutphen\/\" \/>\n<meta property=\"og:locale\" content=\"de_DE\" \/>\n<meta property=\"og:type\" content=\"article\" \/>\n<meta property=\"og:title\" content=\"25 j\u00e4hrig Jubil\u00e4um Fl\u00fcsterschiffer Zutphen - Berkel Info\" \/>\n<meta property=\"og:description\" content=\"25 j\u00e4hrig Jubileum Stichting Toeristisch Varen Zutphen (Fl\u00fcsterschiffer auf der Berkel)\" \/>\n<meta property=\"og:url\" content=\"https:\/\/deberkel.info\/de\/25-jaehrig-jubilaeum-fluesterschiffer-zutphen\/\" \/>\n<meta property=\"og:site_name\" content=\"Berkel Info\" \/>\n<meta property=\"article:published_time\" content=\"2022-10-08T14:22:24+00:00\" \/>\n<meta property=\"article:modified_time\" content=\"2022-11-16T18:14:34+00:00\" \/>\n<meta property=\"og:image\" content=\"https:\/\/deberkel.info\/wp-content\/uploads\/2022\/10\/Fluisterboot-25jaar-600x409-1.jpg\" \/>\n\t<meta property=\"og:image:width\" content=\"600\" \/>\n\t<meta property=\"og:image:height\" content=\"409\" \/>\n\t<meta property=\"og:image:type\" content=\"image\/jpeg\" \/>\n<meta name=\"author\" content=\"berkelcompagnie\" \/>\n<meta name=\"twitter:card\" content=\"summary_large_image\" \/>\n<meta name=\"twitter:label1\" content=\"Verfasst von\" \/>\n\t<meta name=\"twitter:data1\" content=\"berkelcompagnie\" \/>\n\t<meta name=\"twitter:label2\" content=\"Gesch\u00e4tzte Lesezeit\" \/>\n\t<meta name=\"twitter:data2\" content=\"1\u00a0Minute\" \/>\n<script type=\"application\/ld+json\" class=\"yoast-schema-graph\">{\"@context\":\"https:\\\/\\\/schema.org\",\"@graph\":[{\"@type\":\"Article\",\"@id\":\"https:\\\/\\\/deberkel.info\\\/de\\\/25-jaehrig-jubilaeum-fluesterschiffer-zutphen\\\/#article\",\"isPartOf\":{\"@id\":\"https:\\\/\\\/deberkel.info\\\/de\\\/25-jaehrig-jubilaeum-fluesterschiffer-zutphen\\\/\"},\"author\":{\"name\":\"berkelcompagnie\",\"@id\":\"https:\\\/\\\/deberkel.info\\\/#\\\/schema\\\/person\\\/68626cffa2cc89382550cfe49c51a4f8\"},\"headline\":\"25 j\u00e4hrig Jubil\u00e4um Fl\u00fcsterschiffer Zutphen\",\"datePublished\":\"2022-10-08T14:22:24+00:00\",\"dateModified\":\"2022-11-16T18:14:34+00:00\",\"mainEntityOfPage\":{\"@id\":\"https:\\\/\\\/deberkel.info\\\/de\\\/25-jaehrig-jubilaeum-fluesterschiffer-zutphen\\\/\"},\"wordCount\":73,\"image\":{\"@id\":\"https:\\\/\\\/deberkel.info\\\/de\\\/25-jaehrig-jubilaeum-fluesterschiffer-zutphen\\\/#primaryimage\"},\"thumbnailUrl\":\"https:\\\/\\\/deberkel.info\\\/wp-content\\\/uploads\\\/2022\\\/10\\\/Fluisterboot-25jaar-600x409-1.jpg\",\"articleSection\":[\"Titelseite Nachrichten\"],\"inLanguage\":\"de\"},{\"@type\":\"WebPage\",\"@id\":\"https:\\\/\\\/deberkel.info\\\/de\\\/25-jaehrig-jubilaeum-fluesterschiffer-zutphen\\\/\",\"url\":\"https:\\\/\\\/deberkel.info\\\/de\\\/25-jaehrig-jubilaeum-fluesterschiffer-zutphen\\\/\",\"name\":\"25 j\u00e4hrig Jubil\u00e4um Fl\u00fcsterschiffer Zutphen - Berkel Info\",\"isPartOf\":{\"@id\":\"https:\\\/\\\/deberkel.info\\\/#website\"},\"primaryImageOfPage\":{\"@id\":\"https:\\\/\\\/deberkel.info\\\/de\\\/25-jaehrig-jubilaeum-fluesterschiffer-zutphen\\\/#primaryimage\"},\"image\":{\"@id\":\"https:\\\/\\\/deberkel.info\\\/de\\\/25-jaehrig-jubilaeum-fluesterschiffer-zutphen\\\/#primaryimage\"},\"thumbnailUrl\":\"https:\\\/\\\/deberkel.info\\\/wp-content\\\/uploads\\\/2022\\\/10\\\/Fluisterboot-25jaar-600x409-1.jpg\",\"datePublished\":\"2022-10-08T14:22:24+00:00\",\"dateModified\":\"2022-11-16T18:14:34+00:00\",\"author\":{\"@id\":\"https:\\\/\\\/deberkel.info\\\/#\\\/schema\\\/person\\\/68626cffa2cc89382550cfe49c51a4f8\"},\"description\":\"25 j\u00e4hrig Jubileum Stichting Toeristisch Varen Zutphen (Fl\u00fcsterschiffer auf der Berkel)\",\"breadcrumb\":{\"@id\":\"https:\\\/\\\/deberkel.info\\\/de\\\/25-jaehrig-jubilaeum-fluesterschiffer-zutphen\\\/#breadcrumb\"},\"inLanguage\":\"de\",\"potentialAction\":[{\"@type\":\"ReadAction\",\"target\":[\"https:\\\/\\\/deberkel.info\\\/de\\\/25-jaehrig-jubilaeum-fluesterschiffer-zutphen\\\/\"]}]},{\"@type\":\"ImageObject\",\"inLanguage\":\"de\",\"@id\":\"https:\\\/\\\/deberkel.info\\\/de\\\/25-jaehrig-jubilaeum-fluesterschiffer-zutphen\\\/#primaryimage\",\"url\":\"https:\\\/\\\/deberkel.info\\\/wp-content\\\/uploads\\\/2022\\\/10\\\/Fluisterboot-25jaar-600x409-1.jpg\",\"contentUrl\":\"https:\\\/\\\/deberkel.info\\\/wp-content\\\/uploads\\\/2022\\\/10\\\/Fluisterboot-25jaar-600x409-1.jpg\",\"width\":600,\"height\":409},{\"@type\":\"BreadcrumbList\",\"@id\":\"https:\\\/\\\/deberkel.info\\\/de\\\/25-jaehrig-jubilaeum-fluesterschiffer-zutphen\\\/#breadcrumb\",\"itemListElement\":[{\"@type\":\"ListItem\",\"position\":1,\"name\":\"Home\",\"item\":\"https:\\\/\\\/deberkel.info\\\/de\\\/\"},{\"@type\":\"ListItem\",\"position\":2,\"name\":\"25 j\u00e4hrig Jubil\u00e4um Fl\u00fcsterschiffer Zutphen\"}]},{\"@type\":\"WebSite\",\"@id\":\"https:\\\/\\\/deberkel.info\\\/#website\",\"url\":\"https:\\\/\\\/deberkel.info\\\/\",\"name\":\"Berkel Info\",\"description\":\"Alles over de Berkel en het Berkeldal, van Billerbeck tot Zutphen\",\"potentialAction\":[{\"@type\":\"SearchAction\",\"target\":{\"@type\":\"EntryPoint\",\"urlTemplate\":\"https:\\\/\\\/deberkel.info\\\/?s={search_term_string}\"},\"query-input\":{\"@type\":\"PropertyValueSpecification\",\"valueRequired\":true,\"valueName\":\"search_term_string\"}}],\"inLanguage\":\"de\"},{\"@type\":\"Person\",\"@id\":\"https:\\\/\\\/deberkel.info\\\/#\\\/schema\\\/person\\\/68626cffa2cc89382550cfe49c51a4f8\",\"name\":\"berkelcompagnie\",\"image\":{\"@type\":\"ImageObject\",\"inLanguage\":\"de\",\"@id\":\"https:\\\/\\\/secure.gravatar.com\\\/avatar\\\/6307c78d195e52619e6aab2303285d5038a965465385ad25ab0f683cf59b649e?s=96&d=mm&r=g\",\"url\":\"https:\\\/\\\/secure.gravatar.com\\\/avatar\\\/6307c78d195e52619e6aab2303285d5038a965465385ad25ab0f683cf59b649e?s=96&d=mm&r=g\",\"contentUrl\":\"https:\\\/\\\/secure.gravatar.com\\\/avatar\\\/6307c78d195e52619e6aab2303285d5038a965465385ad25ab0f683cf59b649e?s=96&d=mm&r=g\",\"caption\":\"berkelcompagnie\"}}]}<\/script>\n<!-- \/ Yoast SEO plugin. -->","yoast_head_json":{"title":"25 j\u00e4hrig Jubil\u00e4um Fl\u00fcsterschiffer Zutphen - Berkel Info","description":"25 j\u00e4hrig Jubileum Stichting Toeristisch Varen Zutphen (Fl\u00fcsterschiffer auf der Berkel)","robots":{"index":"index","follow":"follow","max-snippet":"max-snippet:-1","max-image-preview":"max-image-preview:large","max-video-preview":"max-video-preview:-1"},"canonical":"https:\/\/deberkel.info\/de\/25-jaehrig-jubilaeum-fluesterschiffer-zutphen\/","og_locale":"de_DE","og_type":"article","og_title":"25 j\u00e4hrig Jubil\u00e4um Fl\u00fcsterschiffer Zutphen - Berkel Info","og_description":"25 j\u00e4hrig Jubileum Stichting Toeristisch Varen Zutphen (Fl\u00fcsterschiffer auf der Berkel)","og_url":"https:\/\/deberkel.info\/de\/25-jaehrig-jubilaeum-fluesterschiffer-zutphen\/","og_site_name":"Berkel Info","article_published_time":"2022-10-08T14:22:24+00:00","article_modified_time":"2022-11-16T18:14:34+00:00","og_image":[{"width":600,"height":409,"url":"https:\/\/deberkel.info\/wp-content\/uploads\/2022\/10\/Fluisterboot-25jaar-600x409-1.jpg","type":"image\/jpeg"}],"author":"berkelcompagnie","twitter_card":"summary_large_image","twitter_misc":{"Verfasst von":"berkelcompagnie","Gesch\u00e4tzte Lesezeit":"1\u00a0Minute"},"schema":{"@context":"https:\/\/schema.org","@graph":[{"@type":"Article","@id":"https:\/\/deberkel.info\/de\/25-jaehrig-jubilaeum-fluesterschiffer-zutphen\/#article","isPartOf":{"@id":"https:\/\/deberkel.info\/de\/25-jaehrig-jubilaeum-fluesterschiffer-zutphen\/"},"author":{"name":"berkelcompagnie","@id":"https:\/\/deberkel.info\/#\/schema\/person\/68626cffa2cc89382550cfe49c51a4f8"},"headline":"25 j\u00e4hrig Jubil\u00e4um Fl\u00fcsterschiffer Zutphen","datePublished":"2022-10-08T14:22:24+00:00","dateModified":"2022-11-16T18:14:34+00:00","mainEntityOfPage":{"@id":"https:\/\/deberkel.info\/de\/25-jaehrig-jubilaeum-fluesterschiffer-zutphen\/"},"wordCount":73,"image":{"@id":"https:\/\/deberkel.info\/de\/25-jaehrig-jubilaeum-fluesterschiffer-zutphen\/#primaryimage"},"thumbnailUrl":"https:\/\/deberkel.info\/wp-content\/uploads\/2022\/10\/Fluisterboot-25jaar-600x409-1.jpg","articleSection":["Titelseite Nachrichten"],"inLanguage":"de"},{"@type":"WebPage","@id":"https:\/\/deberkel.info\/de\/25-jaehrig-jubilaeum-fluesterschiffer-zutphen\/","url":"https:\/\/deberkel.info\/de\/25-jaehrig-jubilaeum-fluesterschiffer-zutphen\/","name":"25 j\u00e4hrig Jubil\u00e4um Fl\u00fcsterschiffer Zutphen - Berkel Info","isPartOf":{"@id":"https:\/\/deberkel.info\/#website"},"primaryImageOfPage":{"@id":"https:\/\/deberkel.info\/de\/25-jaehrig-jubilaeum-fluesterschiffer-zutphen\/#primaryimage"},"image":{"@id":"https:\/\/deberkel.info\/de\/25-jaehrig-jubilaeum-fluesterschiffer-zutphen\/#primaryimage"},"thumbnailUrl":"https:\/\/deberkel.info\/wp-content\/uploads\/2022\/10\/Fluisterboot-25jaar-600x409-1.jpg","datePublished":"2022-10-08T14:22:24+00:00","dateModified":"2022-11-16T18:14:34+00:00","author":{"@id":"https:\/\/deberkel.info\/#\/schema\/person\/68626cffa2cc89382550cfe49c51a4f8"},"description":"25 j\u00e4hrig Jubileum Stichting Toeristisch Varen Zutphen (Fl\u00fcsterschiffer auf der Berkel)","breadcrumb":{"@id":"https:\/\/deberkel.info\/de\/25-jaehrig-jubilaeum-fluesterschiffer-zutphen\/#breadcrumb"},"inLanguage":"de","potentialAction":[{"@type":"ReadAction","target":["https:\/\/deberkel.info\/de\/25-jaehrig-jubilaeum-fluesterschiffer-zutphen\/"]}]},{"@type":"ImageObject","inLanguage":"de","@id":"https:\/\/deberkel.info\/de\/25-jaehrig-jubilaeum-fluesterschiffer-zutphen\/#primaryimage","url":"https:\/\/deberkel.info\/wp-content\/uploads\/2022\/10\/Fluisterboot-25jaar-600x409-1.jpg","contentUrl":"https:\/\/deberkel.info\/wp-content\/uploads\/2022\/10\/Fluisterboot-25jaar-600x409-1.jpg","width":600,"height":409},{"@type":"BreadcrumbList","@id":"https:\/\/deberkel.info\/de\/25-jaehrig-jubilaeum-fluesterschiffer-zutphen\/#breadcrumb","itemListElement":[{"@type":"ListItem","position":1,"name":"Home","item":"https:\/\/deberkel.info\/de\/"},{"@type":"ListItem","position":2,"name":"25 j\u00e4hrig Jubil\u00e4um Fl\u00fcsterschiffer Zutphen"}]},{"@type":"WebSite","@id":"https:\/\/deberkel.info\/#website","url":"https:\/\/deberkel.info\/","name":"Berkel Info","description":"Alles over de Berkel en het Berkeldal, van Billerbeck tot Zutphen","potentialAction":[{"@type":"SearchAction","target":{"@type":"EntryPoint","urlTemplate":"https:\/\/deberkel.info\/?s={search_term_string}"},"query-input":{"@type":"PropertyValueSpecification","valueRequired":true,"valueName":"search_term_string"}}],"inLanguage":"de"},{"@type":"Person","@id":"https:\/\/deberkel.info\/#\/schema\/person\/68626cffa2cc89382550cfe49c51a4f8","name":"berkelcompagnie","image":{"@type":"ImageObject","inLanguage":"de","@id":"https:\/\/secure.gravatar.com\/avatar\/6307c78d195e52619e6aab2303285d5038a965465385ad25ab0f683cf59b649e?s=96&d=mm&r=g","url":"https:\/\/secure.gravatar.com\/avatar\/6307c78d195e52619e6aab2303285d5038a965465385ad25ab0f683cf59b649e?s=96&d=mm&r=g","contentUrl":"https:\/\/secure.gravatar.com\/avatar\/6307c78d195e52619e6aab2303285d5038a965465385ad25ab0f683cf59b649e?s=96&d=mm&r=g","caption":"berkelcompagnie"}}]}},"rttpg_featured_image_url":{"full":["https:\/\/deberkel.info\/wp-content\/uploads\/2022\/10\/Fluisterboot-25jaar-600x409-1.jpg",600,409,false],"landscape":["https:\/\/deberkel.info\/wp-content\/uploads\/2022\/10\/Fluisterboot-25jaar-600x409-1.jpg",600,409,false],"portraits":["https:\/\/deberkel.info\/wp-content\/uploads\/2022\/10\/Fluisterboot-25jaar-600x409-1.jpg",600,409,false],"thumbnail":["https:\/\/deberkel.info\/wp-content\/uploads\/2022\/10\/Fluisterboot-25jaar-600x409-1-150x150.jpg",150,150,true],"medium":["https:\/\/deberkel.info\/wp-content\/uploads\/2022\/10\/Fluisterboot-25jaar-600x409-1-300x205.jpg",300,205,true],"large":["https:\/\/deberkel.info\/wp-content\/uploads\/2022\/10\/Fluisterboot-25jaar-600x409-1.jpg",584,398,false],"1536x1536":["https:\/\/deberkel.info\/wp-content\/uploads\/2022\/10\/Fluisterboot-25jaar-600x409-1.jpg",600,409,false],"2048x2048":["https:\/\/deberkel.info\/wp-content\/uploads\/2022\/10\/Fluisterboot-25jaar-600x409-1.jpg",600,409,false],"post-thumbnail":["https:\/\/deberkel.info\/wp-content\/uploads\/2022\/10\/Fluisterboot-25jaar-600x409-1-600x288.jpg",600,288,true],"large-feature":["https:\/\/deberkel.info\/wp-content\/uploads\/2022\/10\/Fluisterboot-25jaar-600x409-1-600x288.jpg",600,288,true],"small-feature":["https:\/\/deberkel.info\/wp-content\/uploads\/2022\/10\/Fluisterboot-25jaar-600x409-1-440x300.jpg",440,300,true]},"rttpg_author":{"display_name":"berkelcompagnie","author_link":"https:\/\/deberkel.info\/author\/berkelcompagnie\/"},"rttpg_comment":0,"rttpg_category":"<a href=\"https:\/\/deberkel.info\/de\/nieuws\/\" rel=\"category tag\">Titelseite Nachrichten<\/a>","rttpg_excerpt":"25 j\u00e4hrig Jubileum Stichting Toeristisch Varen Zutphen (Fl\u00fcsterschiffer auf der Berkel) Weiterlesen &rarr;","_links":{"self":[{"href":"https:\/\/deberkel.info\/wp-json\/wp\/v2\/posts\/16078","targetHints":{"allow":["GET"]}}],"collection":[{"href":"https:\/\/deberkel.info\/wp-json\/wp\/v2\/posts"}],"about":[{"href":"https:\/\/deberkel.info\/wp-json\/wp\/v2\/types\/post"}],"author":[{"embeddable":true,"href":"https:\/\/deberkel.info\/wp-json\/wp\/v2\/users\/1"}],"replies":[{"embeddable":true,"href":"https:\/\/deberkel.info\/wp-json\/wp\/v2\/comments?post=16078"}],"version-history":[{"count":2,"href":"https:\/\/deberkel.info\/wp-json\/wp\/v2\/posts\/16078\/revisions"}],"predecessor-version":[{"id":16150,"href":"https:\/\/deberkel.info\/wp-json\/wp\/v2\/posts\/16078\/revisions\/16150"}],"wp:featuredmedia":[{"embeddable":true,"href":"https:\/\/deberkel.info\/wp-json\/wp\/v2\/media\/16072"}],"wp:attachment":[{"href":"https:\/\/deberkel.info\/wp-json\/wp\/v2\/media?parent=16078"}],"wp:term":[{"taxonomy":"category","embeddable":true,"href":"https:\/\/deberkel.info\/wp-json\/wp\/v2\/categories?post=16078"},{"taxonomy":"post_tag","embeddable":true,"href":"https:\/\/deberkel.info\/wp-json\/wp\/v2\/tags?post=16078"}],"curies":[{"name":"wp","href":"https:\/\/api.w.org\/{rel}","templated":true}]}}