{"id":16686,"date":"2023-03-20T22:53:32","date_gmt":"2023-03-20T21:53:32","guid":{"rendered":"https:\/\/deberkel.info\/?p=16686"},"modified":"2023-03-20T22:53:32","modified_gmt":"2023-03-20T21:53:32","slug":"kampagne-fuer-die-2-sitze-von-vrienden-van-de-berkel","status":"publish","type":"post","link":"https:\/\/deberkel.info\/de\/kampagne-fuer-die-2-sitze-von-vrienden-van-de-berkel\/","title":{"rendered":"Kampagne f\u00fcr die 2 Sitze von &#8218;Vrienden van de Berkel&#8216;"},"content":{"rendered":"<p><a href=\"https:\/\/deberkel.info\/wp-content\/uploads\/2023\/01\/VVDB_rond_A1_2023-1-300x299-1.png\"><img loading=\"lazy\" decoding=\"async\" class=\"alignnone size-full wp-image-16322\" src=\"https:\/\/deberkel.info\/wp-content\/uploads\/2023\/01\/VVDB_rond_A1_2023-1-300x299-1.png\" alt=\"\" width=\"300\" height=\"299\" srcset=\"https:\/\/deberkel.info\/wp-content\/uploads\/2023\/01\/VVDB_rond_A1_2023-1-300x299-1.png 300w, https:\/\/deberkel.info\/wp-content\/uploads\/2023\/01\/VVDB_rond_A1_2023-1-300x299-1-150x150.png 150w\" sizes=\"auto, (max-width: 300px) 100vw, 300px\" \/><\/a><\/p>\n<p>F\u00fcr die beiden Sitzen von &#8218;<a href=\"\/vrienden-van-de-berkel\/\">Vrienden van de Berkel<\/a>&#8218; im Algemeinen Vorstand von &#8218;<a href=\"https:\/\/www.wrij.nl\/\" target=\"_blank\" rel=\"noopener\">Waterschap Rijn en IJssel<\/a>&#8218; ist nat\u00fcrlich t\u00fcchtig gearbeitet worden.<br \/>\nSehe die Bilder hier unter:<\/p>\nngg_shortcode_0_placeholder\n","protected":false},"excerpt":{"rendered":"<p>T\u00fcchtig arbeiten f\u00fcr die beiden Sitzen von &#8218;Vrienden van de Berkel&#8216; im algemeinen Vorstand von &#8218;Waterschap Rijn en IJssel&#8216; <a href=\"https:\/\/deberkel.info\/de\/kampagne-fuer-die-2-sitze-von-vrienden-van-de-berkel\/\">Weiterlesen <span class=\"meta-nav\">&rarr;<\/span><\/a><\/p>\n","protected":false},"author":1,"featured_media":13594,"comment_status":"closed","ping_status":"closed","sticky":false,"template":"","format":"standard","meta":{"_exactmetrics_skip_tracking":false,"_exactmetrics_sitenote_active":false,"_exactmetrics_sitenote_note":"","_exactmetrics_sitenote_category":0,"ngg_post_thumbnail":0,"_locale":"de_DE","_original_post":"https:\/\/deberkel.info\/?p=16640","footnotes":"","_links_to":"","_links_to_target":""},"categories":[140,7],"tags":[],"class_list":["post-16686","post","type-post","status-publish","format-standard","has-post-thumbnail","hentry","category-vrienden-van-de-berkel-nieuws","category-nieuws","de-DE"],"yoast_head":"<!-- This site is optimized with the Yoast SEO plugin v27.5 - https:\/\/yoast.com\/product\/yoast-seo-wordpress\/ -->\n<title>Kampagne f\u00fcr die 2 Sitze von &#039;Vrienden van de Berkel&#039; - Berkel Info<\/title>\n<meta name=\"description\" content=\"T\u00fcchtig arbeiten f\u00fcr die beiden Sitzen von &#039;Vrienden van de Berkel&#039; im algemeinen Vorstand von &#039;Waterschap Rijn en IJssel&#039;\" \/>\n<meta name=\"robots\" content=\"index, follow, max-snippet:-1, max-image-preview:large, max-video-preview:-1\" \/>\n<link rel=\"canonical\" href=\"https:\/\/deberkel.info\/de\/kampagne-fuer-die-2-sitze-von-vrienden-van-de-berkel\/\" \/>\n<meta property=\"og:locale\" content=\"de_DE\" \/>\n<meta property=\"og:type\" content=\"article\" \/>\n<meta property=\"og:title\" content=\"Kampagne f\u00fcr die 2 Sitze von &#039;Vrienden van de Berkel&#039; - Berkel Info\" \/>\n<meta property=\"og:description\" content=\"T\u00fcchtig arbeiten f\u00fcr die beiden Sitzen von &#039;Vrienden van de Berkel&#039; im algemeinen Vorstand von &#039;Waterschap Rijn en IJssel&#039;\" \/>\n<meta property=\"og:url\" content=\"https:\/\/deberkel.info\/de\/kampagne-fuer-die-2-sitze-von-vrienden-van-de-berkel\/\" \/>\n<meta property=\"og:site_name\" content=\"Berkel Info\" \/>\n<meta property=\"article:published_time\" content=\"2023-03-20T21:53:32+00:00\" \/>\n<meta property=\"og:image\" content=\"https:\/\/deberkel.info\/wp-content\/uploads\/2020\/10\/VvdBLogo-417x200-1.jpg\" \/>\n\t<meta property=\"og:image:width\" content=\"417\" \/>\n\t<meta property=\"og:image:height\" content=\"200\" \/>\n\t<meta property=\"og:image:type\" content=\"image\/jpeg\" \/>\n<meta name=\"author\" content=\"berkelcompagnie\" \/>\n<meta name=\"twitter:card\" content=\"summary_large_image\" \/>\n<meta name=\"twitter:label1\" content=\"Verfasst von\" \/>\n\t<meta name=\"twitter:data1\" content=\"berkelcompagnie\" \/>\n\t<meta name=\"twitter:label2\" content=\"Gesch\u00e4tzte Lesezeit\" \/>\n\t<meta name=\"twitter:data2\" content=\"1\u00a0Minute\" \/>\n<script type=\"application\/ld+json\" class=\"yoast-schema-graph\">{\"@context\":\"https:\\\/\\\/schema.org\",\"@graph\":[{\"@type\":\"Article\",\"@id\":\"https:\\\/\\\/deberkel.info\\\/de\\\/kampagne-fuer-die-2-sitze-von-vrienden-van-de-berkel\\\/#article\",\"isPartOf\":{\"@id\":\"https:\\\/\\\/deberkel.info\\\/de\\\/kampagne-fuer-die-2-sitze-von-vrienden-van-de-berkel\\\/\"},\"author\":{\"name\":\"berkelcompagnie\",\"@id\":\"https:\\\/\\\/deberkel.info\\\/#\\\/schema\\\/person\\\/68626cffa2cc89382550cfe49c51a4f8\"},\"headline\":\"Kampagne f\u00fcr die 2 Sitze von &#8218;Vrienden van de Berkel&#8216;\",\"datePublished\":\"2023-03-20T21:53:32+00:00\",\"mainEntityOfPage\":{\"@id\":\"https:\\\/\\\/deberkel.info\\\/de\\\/kampagne-fuer-die-2-sitze-von-vrienden-van-de-berkel\\\/\"},\"wordCount\":49,\"image\":{\"@id\":\"https:\\\/\\\/deberkel.info\\\/de\\\/kampagne-fuer-die-2-sitze-von-vrienden-van-de-berkel\\\/#primaryimage\"},\"thumbnailUrl\":\"https:\\\/\\\/deberkel.info\\\/wp-content\\\/uploads\\\/2020\\\/10\\\/VvdBLogo-417x200-1.jpg\",\"articleSection\":[\"Nieuws Vrienden van de Berkel\",\"Titelseite Nachrichten\"],\"inLanguage\":\"de\"},{\"@type\":\"WebPage\",\"@id\":\"https:\\\/\\\/deberkel.info\\\/de\\\/kampagne-fuer-die-2-sitze-von-vrienden-van-de-berkel\\\/\",\"url\":\"https:\\\/\\\/deberkel.info\\\/de\\\/kampagne-fuer-die-2-sitze-von-vrienden-van-de-berkel\\\/\",\"name\":\"Kampagne f\u00fcr die 2 Sitze von 'Vrienden van de Berkel' - Berkel Info\",\"isPartOf\":{\"@id\":\"https:\\\/\\\/deberkel.info\\\/#website\"},\"primaryImageOfPage\":{\"@id\":\"https:\\\/\\\/deberkel.info\\\/de\\\/kampagne-fuer-die-2-sitze-von-vrienden-van-de-berkel\\\/#primaryimage\"},\"image\":{\"@id\":\"https:\\\/\\\/deberkel.info\\\/de\\\/kampagne-fuer-die-2-sitze-von-vrienden-van-de-berkel\\\/#primaryimage\"},\"thumbnailUrl\":\"https:\\\/\\\/deberkel.info\\\/wp-content\\\/uploads\\\/2020\\\/10\\\/VvdBLogo-417x200-1.jpg\",\"datePublished\":\"2023-03-20T21:53:32+00:00\",\"author\":{\"@id\":\"https:\\\/\\\/deberkel.info\\\/#\\\/schema\\\/person\\\/68626cffa2cc89382550cfe49c51a4f8\"},\"description\":\"T\u00fcchtig arbeiten f\u00fcr die beiden Sitzen von 'Vrienden van de Berkel' im algemeinen Vorstand von 'Waterschap Rijn en IJssel'\",\"breadcrumb\":{\"@id\":\"https:\\\/\\\/deberkel.info\\\/de\\\/kampagne-fuer-die-2-sitze-von-vrienden-van-de-berkel\\\/#breadcrumb\"},\"inLanguage\":\"de\",\"potentialAction\":[{\"@type\":\"ReadAction\",\"target\":[\"https:\\\/\\\/deberkel.info\\\/de\\\/kampagne-fuer-die-2-sitze-von-vrienden-van-de-berkel\\\/\"]}]},{\"@type\":\"ImageObject\",\"inLanguage\":\"de\",\"@id\":\"https:\\\/\\\/deberkel.info\\\/de\\\/kampagne-fuer-die-2-sitze-von-vrienden-van-de-berkel\\\/#primaryimage\",\"url\":\"https:\\\/\\\/deberkel.info\\\/wp-content\\\/uploads\\\/2020\\\/10\\\/VvdBLogo-417x200-1.jpg\",\"contentUrl\":\"https:\\\/\\\/deberkel.info\\\/wp-content\\\/uploads\\\/2020\\\/10\\\/VvdBLogo-417x200-1.jpg\",\"width\":417,\"height\":200},{\"@type\":\"BreadcrumbList\",\"@id\":\"https:\\\/\\\/deberkel.info\\\/de\\\/kampagne-fuer-die-2-sitze-von-vrienden-van-de-berkel\\\/#breadcrumb\",\"itemListElement\":[{\"@type\":\"ListItem\",\"position\":1,\"name\":\"Home\",\"item\":\"https:\\\/\\\/deberkel.info\\\/de\\\/\"},{\"@type\":\"ListItem\",\"position\":2,\"name\":\"Kampagne f\u00fcr die 2 Sitze von &#8216;Vrienden van de Berkel&#8217;\"}]},{\"@type\":\"WebSite\",\"@id\":\"https:\\\/\\\/deberkel.info\\\/#website\",\"url\":\"https:\\\/\\\/deberkel.info\\\/\",\"name\":\"Berkel Info\",\"description\":\"Alles over de Berkel en het Berkeldal, van Billerbeck tot Zutphen\",\"potentialAction\":[{\"@type\":\"SearchAction\",\"target\":{\"@type\":\"EntryPoint\",\"urlTemplate\":\"https:\\\/\\\/deberkel.info\\\/?s={search_term_string}\"},\"query-input\":{\"@type\":\"PropertyValueSpecification\",\"valueRequired\":true,\"valueName\":\"search_term_string\"}}],\"inLanguage\":\"de\"},{\"@type\":\"Person\",\"@id\":\"https:\\\/\\\/deberkel.info\\\/#\\\/schema\\\/person\\\/68626cffa2cc89382550cfe49c51a4f8\",\"name\":\"berkelcompagnie\",\"image\":{\"@type\":\"ImageObject\",\"inLanguage\":\"de\",\"@id\":\"https:\\\/\\\/secure.gravatar.com\\\/avatar\\\/6307c78d195e52619e6aab2303285d5038a965465385ad25ab0f683cf59b649e?s=96&d=mm&r=g\",\"url\":\"https:\\\/\\\/secure.gravatar.com\\\/avatar\\\/6307c78d195e52619e6aab2303285d5038a965465385ad25ab0f683cf59b649e?s=96&d=mm&r=g\",\"contentUrl\":\"https:\\\/\\\/secure.gravatar.com\\\/avatar\\\/6307c78d195e52619e6aab2303285d5038a965465385ad25ab0f683cf59b649e?s=96&d=mm&r=g\",\"caption\":\"berkelcompagnie\"}}]}<\/script>\n<!-- \/ Yoast SEO plugin. -->","yoast_head_json":{"title":"Kampagne f\u00fcr die 2 Sitze von 'Vrienden van de Berkel' - Berkel Info","description":"T\u00fcchtig arbeiten f\u00fcr die beiden Sitzen von 'Vrienden van de Berkel' im algemeinen Vorstand von 'Waterschap Rijn en IJssel'","robots":{"index":"index","follow":"follow","max-snippet":"max-snippet:-1","max-image-preview":"max-image-preview:large","max-video-preview":"max-video-preview:-1"},"canonical":"https:\/\/deberkel.info\/de\/kampagne-fuer-die-2-sitze-von-vrienden-van-de-berkel\/","og_locale":"de_DE","og_type":"article","og_title":"Kampagne f\u00fcr die 2 Sitze von 'Vrienden van de Berkel' - Berkel Info","og_description":"T\u00fcchtig arbeiten f\u00fcr die beiden Sitzen von 'Vrienden van de Berkel' im algemeinen Vorstand von 'Waterschap Rijn en IJssel'","og_url":"https:\/\/deberkel.info\/de\/kampagne-fuer-die-2-sitze-von-vrienden-van-de-berkel\/","og_site_name":"Berkel Info","article_published_time":"2023-03-20T21:53:32+00:00","og_image":[{"width":417,"height":200,"url":"https:\/\/deberkel.info\/wp-content\/uploads\/2020\/10\/VvdBLogo-417x200-1.jpg","type":"image\/jpeg"}],"author":"berkelcompagnie","twitter_card":"summary_large_image","twitter_misc":{"Verfasst von":"berkelcompagnie","Gesch\u00e4tzte Lesezeit":"1\u00a0Minute"},"schema":{"@context":"https:\/\/schema.org","@graph":[{"@type":"Article","@id":"https:\/\/deberkel.info\/de\/kampagne-fuer-die-2-sitze-von-vrienden-van-de-berkel\/#article","isPartOf":{"@id":"https:\/\/deberkel.info\/de\/kampagne-fuer-die-2-sitze-von-vrienden-van-de-berkel\/"},"author":{"name":"berkelcompagnie","@id":"https:\/\/deberkel.info\/#\/schema\/person\/68626cffa2cc89382550cfe49c51a4f8"},"headline":"Kampagne f\u00fcr die 2 Sitze von &#8218;Vrienden van de Berkel&#8216;","datePublished":"2023-03-20T21:53:32+00:00","mainEntityOfPage":{"@id":"https:\/\/deberkel.info\/de\/kampagne-fuer-die-2-sitze-von-vrienden-van-de-berkel\/"},"wordCount":49,"image":{"@id":"https:\/\/deberkel.info\/de\/kampagne-fuer-die-2-sitze-von-vrienden-van-de-berkel\/#primaryimage"},"thumbnailUrl":"https:\/\/deberkel.info\/wp-content\/uploads\/2020\/10\/VvdBLogo-417x200-1.jpg","articleSection":["Nieuws Vrienden van de Berkel","Titelseite Nachrichten"],"inLanguage":"de"},{"@type":"WebPage","@id":"https:\/\/deberkel.info\/de\/kampagne-fuer-die-2-sitze-von-vrienden-van-de-berkel\/","url":"https:\/\/deberkel.info\/de\/kampagne-fuer-die-2-sitze-von-vrienden-van-de-berkel\/","name":"Kampagne f\u00fcr die 2 Sitze von 'Vrienden van de Berkel' - Berkel Info","isPartOf":{"@id":"https:\/\/deberkel.info\/#website"},"primaryImageOfPage":{"@id":"https:\/\/deberkel.info\/de\/kampagne-fuer-die-2-sitze-von-vrienden-van-de-berkel\/#primaryimage"},"image":{"@id":"https:\/\/deberkel.info\/de\/kampagne-fuer-die-2-sitze-von-vrienden-van-de-berkel\/#primaryimage"},"thumbnailUrl":"https:\/\/deberkel.info\/wp-content\/uploads\/2020\/10\/VvdBLogo-417x200-1.jpg","datePublished":"2023-03-20T21:53:32+00:00","author":{"@id":"https:\/\/deberkel.info\/#\/schema\/person\/68626cffa2cc89382550cfe49c51a4f8"},"description":"T\u00fcchtig arbeiten f\u00fcr die beiden Sitzen von 'Vrienden van de Berkel' im algemeinen Vorstand von 'Waterschap Rijn en IJssel'","breadcrumb":{"@id":"https:\/\/deberkel.info\/de\/kampagne-fuer-die-2-sitze-von-vrienden-van-de-berkel\/#breadcrumb"},"inLanguage":"de","potentialAction":[{"@type":"ReadAction","target":["https:\/\/deberkel.info\/de\/kampagne-fuer-die-2-sitze-von-vrienden-van-de-berkel\/"]}]},{"@type":"ImageObject","inLanguage":"de","@id":"https:\/\/deberkel.info\/de\/kampagne-fuer-die-2-sitze-von-vrienden-van-de-berkel\/#primaryimage","url":"https:\/\/deberkel.info\/wp-content\/uploads\/2020\/10\/VvdBLogo-417x200-1.jpg","contentUrl":"https:\/\/deberkel.info\/wp-content\/uploads\/2020\/10\/VvdBLogo-417x200-1.jpg","width":417,"height":200},{"@type":"BreadcrumbList","@id":"https:\/\/deberkel.info\/de\/kampagne-fuer-die-2-sitze-von-vrienden-van-de-berkel\/#breadcrumb","itemListElement":[{"@type":"ListItem","position":1,"name":"Home","item":"https:\/\/deberkel.info\/de\/"},{"@type":"ListItem","position":2,"name":"Kampagne f\u00fcr die 2 Sitze von &#8216;Vrienden van de Berkel&#8217;"}]},{"@type":"WebSite","@id":"https:\/\/deberkel.info\/#website","url":"https:\/\/deberkel.info\/","name":"Berkel Info","description":"Alles over de Berkel en het Berkeldal, van Billerbeck tot Zutphen","potentialAction":[{"@type":"SearchAction","target":{"@type":"EntryPoint","urlTemplate":"https:\/\/deberkel.info\/?s={search_term_string}"},"query-input":{"@type":"PropertyValueSpecification","valueRequired":true,"valueName":"search_term_string"}}],"inLanguage":"de"},{"@type":"Person","@id":"https:\/\/deberkel.info\/#\/schema\/person\/68626cffa2cc89382550cfe49c51a4f8","name":"berkelcompagnie","image":{"@type":"ImageObject","inLanguage":"de","@id":"https:\/\/secure.gravatar.com\/avatar\/6307c78d195e52619e6aab2303285d5038a965465385ad25ab0f683cf59b649e?s=96&d=mm&r=g","url":"https:\/\/secure.gravatar.com\/avatar\/6307c78d195e52619e6aab2303285d5038a965465385ad25ab0f683cf59b649e?s=96&d=mm&r=g","contentUrl":"https:\/\/secure.gravatar.com\/avatar\/6307c78d195e52619e6aab2303285d5038a965465385ad25ab0f683cf59b649e?s=96&d=mm&r=g","caption":"berkelcompagnie"}}]}},"rttpg_featured_image_url":{"full":["https:\/\/deberkel.info\/wp-content\/uploads\/2020\/10\/VvdBLogo-417x200-1.jpg",417,200,false],"landscape":["https:\/\/deberkel.info\/wp-content\/uploads\/2020\/10\/VvdBLogo-417x200-1.jpg",417,200,false],"portraits":["https:\/\/deberkel.info\/wp-content\/uploads\/2020\/10\/VvdBLogo-417x200-1.jpg",417,200,false],"thumbnail":["https:\/\/deberkel.info\/wp-content\/uploads\/2020\/10\/VvdBLogo-417x200-1-150x150.jpg",150,150,true],"medium":["https:\/\/deberkel.info\/wp-content\/uploads\/2020\/10\/VvdBLogo-417x200-1-300x144.jpg",300,144,true],"large":["https:\/\/deberkel.info\/wp-content\/uploads\/2020\/10\/VvdBLogo-417x200-1.jpg",417,200,false],"1536x1536":["https:\/\/deberkel.info\/wp-content\/uploads\/2020\/10\/VvdBLogo-417x200-1.jpg",417,200,false],"2048x2048":["https:\/\/deberkel.info\/wp-content\/uploads\/2020\/10\/VvdBLogo-417x200-1.jpg",417,200,false],"post-thumbnail":["https:\/\/deberkel.info\/wp-content\/uploads\/2020\/10\/VvdBLogo-417x200-1.jpg",417,200,false],"large-feature":["https:\/\/deberkel.info\/wp-content\/uploads\/2020\/10\/VvdBLogo-417x200-1.jpg",417,200,false],"small-feature":["https:\/\/deberkel.info\/wp-content\/uploads\/2020\/10\/VvdBLogo-417x200-1.jpg",417,200,false]},"rttpg_author":{"display_name":"berkelcompagnie","author_link":"https:\/\/deberkel.info\/author\/berkelcompagnie\/"},"rttpg_comment":0,"rttpg_category":"<a href=\"https:\/\/deberkel.info\/de\/vriendenvandeberkel\/vrienden-van-de-berkel-nieuws\/\" rel=\"category tag\">Nieuws Vrienden van de Berkel<\/a> <a href=\"https:\/\/deberkel.info\/de\/nieuws\/\" rel=\"category tag\">Titelseite Nachrichten<\/a>","rttpg_excerpt":"T\u00fcchtig arbeiten f\u00fcr die beiden Sitzen von 'Vrienden van de Berkel' im algemeinen Vorstand von 'Waterschap Rijn en IJssel' Weiterlesen &rarr;","_links":{"self":[{"href":"https:\/\/deberkel.info\/wp-json\/wp\/v2\/posts\/16686","targetHints":{"allow":["GET"]}}],"collection":[{"href":"https:\/\/deberkel.info\/wp-json\/wp\/v2\/posts"}],"about":[{"href":"https:\/\/deberkel.info\/wp-json\/wp\/v2\/types\/post"}],"author":[{"embeddable":true,"href":"https:\/\/deberkel.info\/wp-json\/wp\/v2\/users\/1"}],"replies":[{"embeddable":true,"href":"https:\/\/deberkel.info\/wp-json\/wp\/v2\/comments?post=16686"}],"version-history":[{"count":1,"href":"https:\/\/deberkel.info\/wp-json\/wp\/v2\/posts\/16686\/revisions"}],"predecessor-version":[{"id":16687,"href":"https:\/\/deberkel.info\/wp-json\/wp\/v2\/posts\/16686\/revisions\/16687"}],"wp:featuredmedia":[{"embeddable":true,"href":"https:\/\/deberkel.info\/wp-json\/wp\/v2\/media\/13594"}],"wp:attachment":[{"href":"https:\/\/deberkel.info\/wp-json\/wp\/v2\/media?parent=16686"}],"wp:term":[{"taxonomy":"category","embeddable":true,"href":"https:\/\/deberkel.info\/wp-json\/wp\/v2\/categories?post=16686"},{"taxonomy":"post_tag","embeddable":true,"href":"https:\/\/deberkel.info\/wp-json\/wp\/v2\/tags?post=16686"}],"curies":[{"name":"wp","href":"https:\/\/api.w.org\/{rel}","templated":true}]}}