{"id":16737,"date":"2023-04-07T13:39:41","date_gmt":"2023-04-07T11:39:41","guid":{"rendered":"https:\/\/deberkel.info\/?p=16737"},"modified":"2023-04-07T13:40:50","modified_gmt":"2023-04-07T11:40:50","slug":"hoevenbrug-ueber-die-berkel-in-lochem-bei-reudink-in-schechtem-zustand","status":"publish","type":"post","link":"https:\/\/deberkel.info\/de\/hoevenbrug-ueber-die-berkel-in-lochem-bei-reudink-in-schechtem-zustand\/","title":{"rendered":"Hoevenbrug \u00fcber die Berkel in Lochem bei Reudink in schlechtem Zustand"},"content":{"rendered":"<div id=\"attachment_16728\" style=\"width: 704px\" class=\"wp-caption alignnone\"><img loading=\"lazy\" decoding=\"async\" aria-describedby=\"caption-attachment-16728\" class=\"wp-image-16728 size-full\" src=\"https:\/\/deberkel.info\/wp-content\/uploads\/2023\/04\/HoevenbrugBerkelArjanGotink2.webp\" alt=\"\" width=\"694\" height=\"521\" srcset=\"https:\/\/deberkel.info\/wp-content\/uploads\/2023\/04\/HoevenbrugBerkelArjanGotink2.webp 694w, https:\/\/deberkel.info\/wp-content\/uploads\/2023\/04\/HoevenbrugBerkelArjanGotink2-300x225.webp 300w, https:\/\/deberkel.info\/wp-content\/uploads\/2023\/04\/HoevenbrugBerkelArjanGotink2-400x300.webp 400w\" sizes=\"auto, (max-width: 694px) 100vw, 694px\" \/><p id=\"caption-attachment-16728\" class=\"wp-caption-text\">\u00a9 Arjan Gotink, Stentor<\/p><\/div>\n<p>Die &#8218;Hoevenbrug&#8216; \u00fcber die Berkel in der &#8218;Graaf Ottoweg&#8216; in Lochem ist so schecht das die so schnell wie m\u00f6glich ersetzt werden muss.<br \/>\nDas wird innerhalb ein Jahr passieren, zuerst wird es noch eine teure Notbau geben.<\/p>\n<p>Lese weiter die Berichte aus <a href=\"https:\/\/www.destentor.nl\/\" target=\"_blank\" rel=\"noopener\">der &#8218;Stentor&#8216;<\/a> hierunter oder clicke die relevante Links.<br \/>\nHier wird die Br\u00fccke \u00fcbrigens Reudinkbrug genannt was nicht die wirkliche Name ist und im letzten Bericht erkl\u00e4rt wird.<\/p>\n<p><a href=\"https:\/\/www.destentor.nl\/lochem\/noodconstructie-om-beschadigde-brug-half-jaar-langer-open-te-kunnen-houden-kost-lochem-6-ton~adfae22a\/\" target=\"_blank\" rel=\"noopener\">Dienstag 4. April 2023<\/a>:<br \/>\n<a href=\"https:\/\/deberkel.info\/wp-content\/uploads\/2023\/04\/20230405-HoevenbrugBerkelLochemStentor.pdf\" class=\"pdfemb-viewer\" style=\"width: 800px; \" data-width=\"800\" data-height=\"max\" data-mobile-width=\"500\"  data-scrollbar=\"none\" data-download=\"on\" data-tracking=\"on\" data-newwindow=\"on\" data-pagetextbox=\"off\" data-scrolltotop=\"off\" data-startzoom=\"100\" data-startfpzoom=\"100\" data-toolbar=\"both\" data-toolbar-fixed=\"on\">20230405-HoevenbrugBerkelLochemStentor<br\/><\/a><\/p>\n<p><a href=\"https:\/\/www.destentor.nl\/lochem\/lochem-maakt-haast-nieuwe-reudinkbrug-moet-er-over-een-jaar-al-liggen-br~a67c9898\/?fbclid=IwAR0QkmImvLjTAM_ny-aLqHqpLLGBh8gqwaydvJ6F2zqGchRuyCUnmCWyp24\" target=\"_blank\" rel=\"noopener\">Freitag 31. April 2023<\/a>:<br \/>\n<a href=\"https:\/\/deberkel.info\/wp-content\/uploads\/2023\/04\/20230331-HoevenbrugBerkelLochemStentor.pdf\" class=\"pdfemb-viewer\" style=\"width: 800px; \" data-width=\"800\" data-height=\"max\" data-mobile-width=\"500\"  data-scrollbar=\"none\" data-download=\"on\" data-tracking=\"on\" data-newwindow=\"on\" data-pagetextbox=\"off\" data-scrolltotop=\"off\" data-startzoom=\"100\" data-startfpzoom=\"100\" data-toolbar=\"both\" data-toolbar-fixed=\"on\">20230331-HoevenbrugBerkelLochemStentor<br\/><\/a><\/p>\n","protected":false},"excerpt":{"rendered":"<p>Stentor: &#8218;Hoevenbrug&#8216; \u00fcber die Berkel in der &#8218;Graaf Ottoweg&#8216; in Lochem muss so schnell wie m\u00f6glich ersetzt werden  <a href=\"https:\/\/deberkel.info\/de\/hoevenbrug-ueber-die-berkel-in-lochem-bei-reudink-in-schechtem-zustand\/\">Weiterlesen <span class=\"meta-nav\">&rarr;<\/span><\/a><\/p>\n","protected":false},"author":1,"featured_media":16728,"comment_status":"closed","ping_status":"closed","sticky":false,"template":"","format":"standard","meta":{"_exactmetrics_skip_tracking":false,"_exactmetrics_sitenote_active":false,"_exactmetrics_sitenote_note":"","_exactmetrics_sitenote_category":0,"ngg_post_thumbnail":0,"_locale":"de_DE","_original_post":"https:\/\/deberkel.info\/?p=16727","footnotes":"","_links_to":"","_links_to_target":""},"categories":[175,7],"tags":[],"class_list":["post-16737","post","type-post","status-publish","format-standard","has-post-thumbnail","hentry","category-persberichtenuit2023","category-nieuws","de-DE"],"yoast_head":"<!-- This site is optimized with the Yoast SEO plugin v27.5 - https:\/\/yoast.com\/product\/yoast-seo-wordpress\/ -->\n<title>Hoevenbrug \u00fcber die Berkel in Lochem bei Reudink in schlechtem Zustand - Berkel Info<\/title>\n<meta name=\"description\" content=\"Stentor: &#039;Hoevenbrug&#039; \u00fcber die Berkel in der &#039;Graaf Ottoweg&#039; in Lochem muss so schnell wie m\u00f6glich ersetzt werden\" \/>\n<meta name=\"robots\" content=\"index, follow, max-snippet:-1, max-image-preview:large, max-video-preview:-1\" \/>\n<link rel=\"canonical\" href=\"https:\/\/deberkel.info\/de\/hoevenbrug-ueber-die-berkel-in-lochem-bei-reudink-in-schechtem-zustand\/\" \/>\n<meta property=\"og:locale\" content=\"de_DE\" \/>\n<meta property=\"og:type\" content=\"article\" \/>\n<meta property=\"og:title\" content=\"Hoevenbrug \u00fcber die Berkel in Lochem bei Reudink in schlechtem Zustand - Berkel Info\" \/>\n<meta property=\"og:description\" content=\"Stentor: &#039;Hoevenbrug&#039; \u00fcber die Berkel in der &#039;Graaf Ottoweg&#039; in Lochem muss so schnell wie m\u00f6glich ersetzt werden\" \/>\n<meta property=\"og:url\" content=\"https:\/\/deberkel.info\/de\/hoevenbrug-ueber-die-berkel-in-lochem-bei-reudink-in-schechtem-zustand\/\" \/>\n<meta property=\"og:site_name\" content=\"Berkel Info\" \/>\n<meta property=\"article:published_time\" content=\"2023-04-07T11:39:41+00:00\" \/>\n<meta property=\"article:modified_time\" content=\"2023-04-07T11:40:50+00:00\" \/>\n<meta property=\"og:image\" content=\"https:\/\/deberkel.info\/wp-content\/uploads\/2023\/04\/HoevenbrugBerkelArjanGotink2.webp\" \/>\n\t<meta property=\"og:image:width\" content=\"694\" \/>\n\t<meta property=\"og:image:height\" content=\"521\" \/>\n\t<meta property=\"og:image:type\" content=\"image\/webp\" \/>\n<meta name=\"author\" content=\"berkelcompagnie\" \/>\n<meta name=\"twitter:card\" content=\"summary_large_image\" \/>\n<meta name=\"twitter:label1\" content=\"Verfasst von\" \/>\n\t<meta name=\"twitter:data1\" content=\"berkelcompagnie\" \/>\n\t<meta name=\"twitter:label2\" content=\"Gesch\u00e4tzte Lesezeit\" \/>\n\t<meta name=\"twitter:data2\" content=\"1\u00a0Minute\" \/>\n<script type=\"application\/ld+json\" class=\"yoast-schema-graph\">{\"@context\":\"https:\\\/\\\/schema.org\",\"@graph\":[{\"@type\":\"Article\",\"@id\":\"https:\\\/\\\/deberkel.info\\\/de\\\/hoevenbrug-ueber-die-berkel-in-lochem-bei-reudink-in-schechtem-zustand\\\/#article\",\"isPartOf\":{\"@id\":\"https:\\\/\\\/deberkel.info\\\/de\\\/hoevenbrug-ueber-die-berkel-in-lochem-bei-reudink-in-schechtem-zustand\\\/\"},\"author\":{\"name\":\"berkelcompagnie\",\"@id\":\"https:\\\/\\\/deberkel.info\\\/#\\\/schema\\\/person\\\/68626cffa2cc89382550cfe49c51a4f8\"},\"headline\":\"Hoevenbrug \u00fcber die Berkel in Lochem bei Reudink in schlechtem Zustand\",\"datePublished\":\"2023-04-07T11:39:41+00:00\",\"dateModified\":\"2023-04-07T11:40:50+00:00\",\"mainEntityOfPage\":{\"@id\":\"https:\\\/\\\/deberkel.info\\\/de\\\/hoevenbrug-ueber-die-berkel-in-lochem-bei-reudink-in-schechtem-zustand\\\/\"},\"wordCount\":115,\"image\":{\"@id\":\"https:\\\/\\\/deberkel.info\\\/de\\\/hoevenbrug-ueber-die-berkel-in-lochem-bei-reudink-in-schechtem-zustand\\\/#primaryimage\"},\"thumbnailUrl\":\"https:\\\/\\\/deberkel.info\\\/wp-content\\\/uploads\\\/2023\\\/04\\\/HoevenbrugBerkelArjanGotink2.webp\",\"articleSection\":[\"Persberichten uit 2023\",\"Titelseite Nachrichten\"],\"inLanguage\":\"de\"},{\"@type\":\"WebPage\",\"@id\":\"https:\\\/\\\/deberkel.info\\\/de\\\/hoevenbrug-ueber-die-berkel-in-lochem-bei-reudink-in-schechtem-zustand\\\/\",\"url\":\"https:\\\/\\\/deberkel.info\\\/de\\\/hoevenbrug-ueber-die-berkel-in-lochem-bei-reudink-in-schechtem-zustand\\\/\",\"name\":\"Hoevenbrug \u00fcber die Berkel in Lochem bei Reudink in schlechtem Zustand - Berkel Info\",\"isPartOf\":{\"@id\":\"https:\\\/\\\/deberkel.info\\\/#website\"},\"primaryImageOfPage\":{\"@id\":\"https:\\\/\\\/deberkel.info\\\/de\\\/hoevenbrug-ueber-die-berkel-in-lochem-bei-reudink-in-schechtem-zustand\\\/#primaryimage\"},\"image\":{\"@id\":\"https:\\\/\\\/deberkel.info\\\/de\\\/hoevenbrug-ueber-die-berkel-in-lochem-bei-reudink-in-schechtem-zustand\\\/#primaryimage\"},\"thumbnailUrl\":\"https:\\\/\\\/deberkel.info\\\/wp-content\\\/uploads\\\/2023\\\/04\\\/HoevenbrugBerkelArjanGotink2.webp\",\"datePublished\":\"2023-04-07T11:39:41+00:00\",\"dateModified\":\"2023-04-07T11:40:50+00:00\",\"author\":{\"@id\":\"https:\\\/\\\/deberkel.info\\\/#\\\/schema\\\/person\\\/68626cffa2cc89382550cfe49c51a4f8\"},\"description\":\"Stentor: 'Hoevenbrug' \u00fcber die Berkel in der 'Graaf Ottoweg' in Lochem muss so schnell wie m\u00f6glich ersetzt werden\",\"breadcrumb\":{\"@id\":\"https:\\\/\\\/deberkel.info\\\/de\\\/hoevenbrug-ueber-die-berkel-in-lochem-bei-reudink-in-schechtem-zustand\\\/#breadcrumb\"},\"inLanguage\":\"de\",\"potentialAction\":[{\"@type\":\"ReadAction\",\"target\":[\"https:\\\/\\\/deberkel.info\\\/de\\\/hoevenbrug-ueber-die-berkel-in-lochem-bei-reudink-in-schechtem-zustand\\\/\"]}]},{\"@type\":\"ImageObject\",\"inLanguage\":\"de\",\"@id\":\"https:\\\/\\\/deberkel.info\\\/de\\\/hoevenbrug-ueber-die-berkel-in-lochem-bei-reudink-in-schechtem-zustand\\\/#primaryimage\",\"url\":\"https:\\\/\\\/deberkel.info\\\/wp-content\\\/uploads\\\/2023\\\/04\\\/HoevenbrugBerkelArjanGotink2.webp\",\"contentUrl\":\"https:\\\/\\\/deberkel.info\\\/wp-content\\\/uploads\\\/2023\\\/04\\\/HoevenbrugBerkelArjanGotink2.webp\",\"width\":694,\"height\":521},{\"@type\":\"BreadcrumbList\",\"@id\":\"https:\\\/\\\/deberkel.info\\\/de\\\/hoevenbrug-ueber-die-berkel-in-lochem-bei-reudink-in-schechtem-zustand\\\/#breadcrumb\",\"itemListElement\":[{\"@type\":\"ListItem\",\"position\":1,\"name\":\"Home\",\"item\":\"https:\\\/\\\/deberkel.info\\\/de\\\/\"},{\"@type\":\"ListItem\",\"position\":2,\"name\":\"Hoevenbrug \u00fcber die Berkel in Lochem bei Reudink in schlechtem Zustand\"}]},{\"@type\":\"WebSite\",\"@id\":\"https:\\\/\\\/deberkel.info\\\/#website\",\"url\":\"https:\\\/\\\/deberkel.info\\\/\",\"name\":\"Berkel Info\",\"description\":\"Alles over de Berkel en het Berkeldal, van Billerbeck tot Zutphen\",\"potentialAction\":[{\"@type\":\"SearchAction\",\"target\":{\"@type\":\"EntryPoint\",\"urlTemplate\":\"https:\\\/\\\/deberkel.info\\\/?s={search_term_string}\"},\"query-input\":{\"@type\":\"PropertyValueSpecification\",\"valueRequired\":true,\"valueName\":\"search_term_string\"}}],\"inLanguage\":\"de\"},{\"@type\":\"Person\",\"@id\":\"https:\\\/\\\/deberkel.info\\\/#\\\/schema\\\/person\\\/68626cffa2cc89382550cfe49c51a4f8\",\"name\":\"berkelcompagnie\",\"image\":{\"@type\":\"ImageObject\",\"inLanguage\":\"de\",\"@id\":\"https:\\\/\\\/secure.gravatar.com\\\/avatar\\\/6307c78d195e52619e6aab2303285d5038a965465385ad25ab0f683cf59b649e?s=96&d=mm&r=g\",\"url\":\"https:\\\/\\\/secure.gravatar.com\\\/avatar\\\/6307c78d195e52619e6aab2303285d5038a965465385ad25ab0f683cf59b649e?s=96&d=mm&r=g\",\"contentUrl\":\"https:\\\/\\\/secure.gravatar.com\\\/avatar\\\/6307c78d195e52619e6aab2303285d5038a965465385ad25ab0f683cf59b649e?s=96&d=mm&r=g\",\"caption\":\"berkelcompagnie\"}}]}<\/script>\n<!-- \/ Yoast SEO plugin. -->","yoast_head_json":{"title":"Hoevenbrug \u00fcber die Berkel in Lochem bei Reudink in schlechtem Zustand - Berkel Info","description":"Stentor: 'Hoevenbrug' \u00fcber die Berkel in der 'Graaf Ottoweg' in Lochem muss so schnell wie m\u00f6glich ersetzt werden","robots":{"index":"index","follow":"follow","max-snippet":"max-snippet:-1","max-image-preview":"max-image-preview:large","max-video-preview":"max-video-preview:-1"},"canonical":"https:\/\/deberkel.info\/de\/hoevenbrug-ueber-die-berkel-in-lochem-bei-reudink-in-schechtem-zustand\/","og_locale":"de_DE","og_type":"article","og_title":"Hoevenbrug \u00fcber die Berkel in Lochem bei Reudink in schlechtem Zustand - Berkel Info","og_description":"Stentor: 'Hoevenbrug' \u00fcber die Berkel in der 'Graaf Ottoweg' in Lochem muss so schnell wie m\u00f6glich ersetzt werden","og_url":"https:\/\/deberkel.info\/de\/hoevenbrug-ueber-die-berkel-in-lochem-bei-reudink-in-schechtem-zustand\/","og_site_name":"Berkel Info","article_published_time":"2023-04-07T11:39:41+00:00","article_modified_time":"2023-04-07T11:40:50+00:00","og_image":[{"width":694,"height":521,"url":"https:\/\/deberkel.info\/wp-content\/uploads\/2023\/04\/HoevenbrugBerkelArjanGotink2.webp","type":"image\/webp"}],"author":"berkelcompagnie","twitter_card":"summary_large_image","twitter_misc":{"Verfasst von":"berkelcompagnie","Gesch\u00e4tzte Lesezeit":"1\u00a0Minute"},"schema":{"@context":"https:\/\/schema.org","@graph":[{"@type":"Article","@id":"https:\/\/deberkel.info\/de\/hoevenbrug-ueber-die-berkel-in-lochem-bei-reudink-in-schechtem-zustand\/#article","isPartOf":{"@id":"https:\/\/deberkel.info\/de\/hoevenbrug-ueber-die-berkel-in-lochem-bei-reudink-in-schechtem-zustand\/"},"author":{"name":"berkelcompagnie","@id":"https:\/\/deberkel.info\/#\/schema\/person\/68626cffa2cc89382550cfe49c51a4f8"},"headline":"Hoevenbrug \u00fcber die Berkel in Lochem bei Reudink in schlechtem Zustand","datePublished":"2023-04-07T11:39:41+00:00","dateModified":"2023-04-07T11:40:50+00:00","mainEntityOfPage":{"@id":"https:\/\/deberkel.info\/de\/hoevenbrug-ueber-die-berkel-in-lochem-bei-reudink-in-schechtem-zustand\/"},"wordCount":115,"image":{"@id":"https:\/\/deberkel.info\/de\/hoevenbrug-ueber-die-berkel-in-lochem-bei-reudink-in-schechtem-zustand\/#primaryimage"},"thumbnailUrl":"https:\/\/deberkel.info\/wp-content\/uploads\/2023\/04\/HoevenbrugBerkelArjanGotink2.webp","articleSection":["Persberichten uit 2023","Titelseite Nachrichten"],"inLanguage":"de"},{"@type":"WebPage","@id":"https:\/\/deberkel.info\/de\/hoevenbrug-ueber-die-berkel-in-lochem-bei-reudink-in-schechtem-zustand\/","url":"https:\/\/deberkel.info\/de\/hoevenbrug-ueber-die-berkel-in-lochem-bei-reudink-in-schechtem-zustand\/","name":"Hoevenbrug \u00fcber die Berkel in Lochem bei Reudink in schlechtem Zustand - Berkel Info","isPartOf":{"@id":"https:\/\/deberkel.info\/#website"},"primaryImageOfPage":{"@id":"https:\/\/deberkel.info\/de\/hoevenbrug-ueber-die-berkel-in-lochem-bei-reudink-in-schechtem-zustand\/#primaryimage"},"image":{"@id":"https:\/\/deberkel.info\/de\/hoevenbrug-ueber-die-berkel-in-lochem-bei-reudink-in-schechtem-zustand\/#primaryimage"},"thumbnailUrl":"https:\/\/deberkel.info\/wp-content\/uploads\/2023\/04\/HoevenbrugBerkelArjanGotink2.webp","datePublished":"2023-04-07T11:39:41+00:00","dateModified":"2023-04-07T11:40:50+00:00","author":{"@id":"https:\/\/deberkel.info\/#\/schema\/person\/68626cffa2cc89382550cfe49c51a4f8"},"description":"Stentor: 'Hoevenbrug' \u00fcber die Berkel in der 'Graaf Ottoweg' in Lochem muss so schnell wie m\u00f6glich ersetzt werden","breadcrumb":{"@id":"https:\/\/deberkel.info\/de\/hoevenbrug-ueber-die-berkel-in-lochem-bei-reudink-in-schechtem-zustand\/#breadcrumb"},"inLanguage":"de","potentialAction":[{"@type":"ReadAction","target":["https:\/\/deberkel.info\/de\/hoevenbrug-ueber-die-berkel-in-lochem-bei-reudink-in-schechtem-zustand\/"]}]},{"@type":"ImageObject","inLanguage":"de","@id":"https:\/\/deberkel.info\/de\/hoevenbrug-ueber-die-berkel-in-lochem-bei-reudink-in-schechtem-zustand\/#primaryimage","url":"https:\/\/deberkel.info\/wp-content\/uploads\/2023\/04\/HoevenbrugBerkelArjanGotink2.webp","contentUrl":"https:\/\/deberkel.info\/wp-content\/uploads\/2023\/04\/HoevenbrugBerkelArjanGotink2.webp","width":694,"height":521},{"@type":"BreadcrumbList","@id":"https:\/\/deberkel.info\/de\/hoevenbrug-ueber-die-berkel-in-lochem-bei-reudink-in-schechtem-zustand\/#breadcrumb","itemListElement":[{"@type":"ListItem","position":1,"name":"Home","item":"https:\/\/deberkel.info\/de\/"},{"@type":"ListItem","position":2,"name":"Hoevenbrug \u00fcber die Berkel in Lochem bei Reudink in schlechtem Zustand"}]},{"@type":"WebSite","@id":"https:\/\/deberkel.info\/#website","url":"https:\/\/deberkel.info\/","name":"Berkel Info","description":"Alles over de Berkel en het Berkeldal, van Billerbeck tot Zutphen","potentialAction":[{"@type":"SearchAction","target":{"@type":"EntryPoint","urlTemplate":"https:\/\/deberkel.info\/?s={search_term_string}"},"query-input":{"@type":"PropertyValueSpecification","valueRequired":true,"valueName":"search_term_string"}}],"inLanguage":"de"},{"@type":"Person","@id":"https:\/\/deberkel.info\/#\/schema\/person\/68626cffa2cc89382550cfe49c51a4f8","name":"berkelcompagnie","image":{"@type":"ImageObject","inLanguage":"de","@id":"https:\/\/secure.gravatar.com\/avatar\/6307c78d195e52619e6aab2303285d5038a965465385ad25ab0f683cf59b649e?s=96&d=mm&r=g","url":"https:\/\/secure.gravatar.com\/avatar\/6307c78d195e52619e6aab2303285d5038a965465385ad25ab0f683cf59b649e?s=96&d=mm&r=g","contentUrl":"https:\/\/secure.gravatar.com\/avatar\/6307c78d195e52619e6aab2303285d5038a965465385ad25ab0f683cf59b649e?s=96&d=mm&r=g","caption":"berkelcompagnie"}}]}},"rttpg_featured_image_url":{"full":["https:\/\/deberkel.info\/wp-content\/uploads\/2023\/04\/HoevenbrugBerkelArjanGotink2.webp",694,521,false],"landscape":["https:\/\/deberkel.info\/wp-content\/uploads\/2023\/04\/HoevenbrugBerkelArjanGotink2.webp",694,521,false],"portraits":["https:\/\/deberkel.info\/wp-content\/uploads\/2023\/04\/HoevenbrugBerkelArjanGotink2.webp",694,521,false],"thumbnail":["https:\/\/deberkel.info\/wp-content\/uploads\/2023\/04\/HoevenbrugBerkelArjanGotink2-150x150.webp",150,150,true],"medium":["https:\/\/deberkel.info\/wp-content\/uploads\/2023\/04\/HoevenbrugBerkelArjanGotink2-300x225.webp",300,225,true],"large":["https:\/\/deberkel.info\/wp-content\/uploads\/2023\/04\/HoevenbrugBerkelArjanGotink2.webp",584,438,false],"1536x1536":["https:\/\/deberkel.info\/wp-content\/uploads\/2023\/04\/HoevenbrugBerkelArjanGotink2.webp",694,521,false],"2048x2048":["https:\/\/deberkel.info\/wp-content\/uploads\/2023\/04\/HoevenbrugBerkelArjanGotink2.webp",694,521,false],"post-thumbnail":["https:\/\/deberkel.info\/wp-content\/uploads\/2023\/04\/HoevenbrugBerkelArjanGotink2-694x288.webp",694,288,true],"large-feature":["https:\/\/deberkel.info\/wp-content\/uploads\/2023\/04\/HoevenbrugBerkelArjanGotink2-694x288.webp",694,288,true],"small-feature":["https:\/\/deberkel.info\/wp-content\/uploads\/2023\/04\/HoevenbrugBerkelArjanGotink2-400x300.webp",400,300,true]},"rttpg_author":{"display_name":"berkelcompagnie","author_link":"https:\/\/deberkel.info\/author\/berkelcompagnie\/"},"rttpg_comment":0,"rttpg_category":"<a href=\"https:\/\/deberkel.info\/de\/persberichtenuit2023\/\" rel=\"category tag\">Persberichten uit 2023<\/a> <a href=\"https:\/\/deberkel.info\/de\/nieuws\/\" rel=\"category tag\">Titelseite Nachrichten<\/a>","rttpg_excerpt":"Stentor: 'Hoevenbrug' \u00fcber die Berkel in der 'Graaf Ottoweg' in Lochem muss so schnell wie m\u00f6glich ersetzt werden Weiterlesen &rarr;","_links":{"self":[{"href":"https:\/\/deberkel.info\/wp-json\/wp\/v2\/posts\/16737","targetHints":{"allow":["GET"]}}],"collection":[{"href":"https:\/\/deberkel.info\/wp-json\/wp\/v2\/posts"}],"about":[{"href":"https:\/\/deberkel.info\/wp-json\/wp\/v2\/types\/post"}],"author":[{"embeddable":true,"href":"https:\/\/deberkel.info\/wp-json\/wp\/v2\/users\/1"}],"replies":[{"embeddable":true,"href":"https:\/\/deberkel.info\/wp-json\/wp\/v2\/comments?post=16737"}],"version-history":[{"count":1,"href":"https:\/\/deberkel.info\/wp-json\/wp\/v2\/posts\/16737\/revisions"}],"predecessor-version":[{"id":16738,"href":"https:\/\/deberkel.info\/wp-json\/wp\/v2\/posts\/16737\/revisions\/16738"}],"wp:featuredmedia":[{"embeddable":true,"href":"https:\/\/deberkel.info\/wp-json\/wp\/v2\/media\/16728"}],"wp:attachment":[{"href":"https:\/\/deberkel.info\/wp-json\/wp\/v2\/media?parent=16737"}],"wp:term":[{"taxonomy":"category","embeddable":true,"href":"https:\/\/deberkel.info\/wp-json\/wp\/v2\/categories?post=16737"},{"taxonomy":"post_tag","embeddable":true,"href":"https:\/\/deberkel.info\/wp-json\/wp\/v2\/tags?post=16737"}],"curies":[{"name":"wp","href":"https:\/\/api.w.org\/{rel}","templated":true}]}}