{"id":17741,"date":"2023-09-10T14:45:58","date_gmt":"2023-09-10T12:45:58","guid":{"rendered":"https:\/\/deberkel.info\/?p=17741"},"modified":"2023-11-15T19:52:02","modified_gmt":"2023-11-15T18:52:02","slug":"bericht-mit-bilder-berkel-kanurallye-2023","status":"publish","type":"post","link":"https:\/\/deberkel.info\/de\/bericht-mit-bilder-berkel-kanurallye-2023\/","title":{"rendered":"Bericht mit Bilder Berkel Kanurallye 2023"},"content":{"rendered":"<p><a href=\"https:\/\/deberkel.info\/wp-content\/uploads\/2023\/09\/FotosBerkelKanorally2023-Featured-600x443-1.jpg\"><img loading=\"lazy\" decoding=\"async\" class=\"alignnone wp-image-17729 size-full\" src=\"https:\/\/deberkel.info\/wp-content\/uploads\/2023\/09\/FotosBerkelKanorally2023-Featured-600x443-1.jpg\" alt=\"\" width=\"600\" height=\"443\" srcset=\"https:\/\/deberkel.info\/wp-content\/uploads\/2023\/09\/FotosBerkelKanorally2023-Featured-600x443-1.jpg 600w, https:\/\/deberkel.info\/wp-content\/uploads\/2023\/09\/FotosBerkelKanorally2023-Featured-600x443-1-300x222.jpg 300w, https:\/\/deberkel.info\/wp-content\/uploads\/2023\/09\/FotosBerkelKanorally2023-Featured-600x443-1-406x300.jpg 406w\" sizes=\"auto, (max-width: 600px) 100vw, 600px\" \/><\/a><br \/>\nDie 5. <a href=\"\/de\/berkelkanurallye\/\">Berkel Kanurallye<\/a> wurde gefahren am 26. und 27. August 2023.<\/p>\n<p>Bilder fr\u00fchere Fahrten: <a href=\"\/de\/bilder-berkel-kanurallye-2022\/\">2022<\/a>, <a href=\"\/de\/bilder-berkel-kanurallye-2021\/\">2021<\/a>, <a href=\"\/de\/bilder-berkelkanurallye-2019\/\">2019<\/a>, <a href=\"\/de\/bilder-berkelkanurallye-2018\/\">2018<\/a>.<\/p>\n<p>Dieses Mal gab es mehr als gen\u00fcgend Wasser in Deutschland und wir sind also wieder gestartet in Ellewick.<br \/>\nDie Strecke war damit am 1. Tag 25 km bis zum <a href=\"https:\/\/www.stichtingberkelzomp.nl\/\" target=\"_blank\" rel=\"noopener\">Zompenloze in Borculo<\/a> wo wieder \u00fcbernachtet ist geworden und ein leckeres Buffet serviert wurde.<\/p>\n<p>Am 2. Tag war es dann 28 km von Borculo bis zum Kai der <a href=\"https:\/\/fluisterboot-zutphen.nl\/\" target=\"_blank\" rel=\"noopener\">Fl\u00fcsterschiffer in Zutphen<\/a>.<br \/>\n<a href=\"https:\/\/deberkel.info\/wp-content\/uploads\/2023\/09\/FotosBerkelKanorally2023-Featured2-600x450-1.jpg\"><img loading=\"lazy\" decoding=\"async\" class=\"alignnone size-full wp-image-17730\" src=\"https:\/\/deberkel.info\/wp-content\/uploads\/2023\/09\/FotosBerkelKanorally2023-Featured2-600x450-1.jpg\" alt=\"\" width=\"600\" height=\"450\" srcset=\"https:\/\/deberkel.info\/wp-content\/uploads\/2023\/09\/FotosBerkelKanorally2023-Featured2-600x450-1.jpg 600w, https:\/\/deberkel.info\/wp-content\/uploads\/2023\/09\/FotosBerkelKanorally2023-Featured2-600x450-1-300x225.jpg 300w, https:\/\/deberkel.info\/wp-content\/uploads\/2023\/09\/FotosBerkelKanorally2023-Featured2-600x450-1-400x300.jpg 400w\" sizes=\"auto, (max-width: 600px) 100vw, 600px\" \/><\/a><\/p>\n<p>Auch dieses Mal gab es wieder mehr Teilnehmer, jetzt mehr als 60.<br \/>\nSowohl aus Deutschland als aus den Niederlanden.<\/p>\n<p>Das Wetter war wechselhaft. Ganz sch\u00f6n am Samstag, am Sonntag bevor der Start \u00fand unterwegs einen t\u00fcchtigen Schauer.<\/p>\n<p><a href=\"https:\/\/www.kanoshop.nl\/\" target=\"_blank\" rel=\"noopener\"><img loading=\"lazy\" decoding=\"async\" class=\"alignnone wp-image-15798\" src=\"https:\/\/deberkel.info\/wp-content\/uploads\/2022\/07\/Kanoshop-e1657270335279.png\" alt=\"\" width=\"300\" height=\"105\"><\/a><br \/>\nW\u00e4hrend das Samstagabend Buffet gab es wieder die Verlosung f\u00fcr Paddel von <a href=\"https:\/\/www.kanoshop.nl\/\" target=\"_blank\" rel=\"noopener\">Kanoshop.nl<\/a>.<br \/>\nSehe auch die Bilder davon im <a href=\"#Bilder\">Bilderbericht<\/a>.<\/p>\n<p><a href=\"#Bilder\">Hier weiter nach unten das ausf\u00fchrliche Bilderbericht<\/a> mit sehr sch\u00f6nen Bildern.<br \/>\nUnd hierunter zuerst ein <a href=\"#SlartBartfoss\">\u00dcbersichtsvideo<\/a>, <a href=\"#Teilnehmerbericht\">Teilnehmerbericht im Kanublatt &#8218;Kanotities&#8216; von TKBN <\/a>, <a href=\"#Presseberichte\">Presseberichte<\/a> und <a href=\"#Achterhoekfoto\">Bilder Achterhoekfoto<\/a>.<\/p>\n<p><a href=\"https:\/\/deberkel.info\/wp-content\/uploads\/2023\/09\/VideoGelsenkirchenFeatured-800x586-1.jpg\"><img loading=\"lazy\" decoding=\"async\" class=\"alignleft size-thumbnail wp-image-17775\" src=\"https:\/\/deberkel.info\/wp-content\/uploads\/2023\/09\/VideoGelsenkirchenFeatured-800x586-1-150x150.jpg\" alt=\"\" width=\"150\" height=\"150\"><\/a><br \/>\n<a id=\"SlartBartfoss\"><\/a>\u00dcbersichtsvideo von Slart Bartfoss, <a href=\"https:\/\/www.gelsenkanu.de\/\" target=\"_blank\" rel=\"noopener\">Gelsenkirchener Kanu-Club<\/a>.<br \/>\nMaximalisieren mit <img loading=\"lazy\" decoding=\"async\" class=\"alignnone wp-image-17779 size-full\" src=\"https:\/\/deberkel.info\/wp-content\/uploads\/2023\/09\/MaximaliserenIcon-40x38-1.jpg\" alt=\"\" width=\"40\" height=\"38\"> (rechts hinunten):<br \/>\n<iframe loading=\"lazy\" style=\"width: 700px; height: 394px;\" title=\"Berkelrallye 2023 mit dem GKC\" src=\"https:\/\/www.youtube.com\/embed\/CGy9uzUmHA8\" width=\"928\" height=\"522\" frameborder=\"0\" allowfullscreen=\"allowfullscreen\"><span data-mce-type=\"bookmark\" style=\"display: inline-block; width: 0px; overflow: hidden; line-height: 0;\" class=\"mce_SELRES_start\">\ufeff<\/span><span data-mce-type=\"bookmark\" style=\"display: inline-block; width: 0px; overflow: hidden; line-height: 0;\" class=\"mce_SELRES_start\">\ufeff<\/span><span data-mce-type=\"bookmark\" style=\"display: inline-block; width: 0px; overflow: hidden; line-height: 0;\" class=\"mce_SELRES_start\">\ufeff<\/span><\/iframe><\/p>\n<p>&nbsp;<\/p>\n<div><a href=\"https:\/\/deberkel.info\/wp-content\/uploads\/2023\/09\/SpiegelingMetVogel-800x768-1.jpg\" target=\"_blank\" rel=\"noopener\"><img loading=\"lazy\" decoding=\"async\" class=\"wp-image-17397 size-thumbnail alignleft\" src=\"https:\/\/deberkel.info\/wp-content\/uploads\/2023\/09\/SpiegelingMetVogel-800x768-1-150x150.jpg\" alt=\"\" width=\"150\" height=\"150\"><\/a> <a id=\"Achterhoekfoto\"><\/a><a href=\"https:\/\/www.achterhoekfoto.nl\" target=\"_blank\" rel=\"noopener\">Achterhoekfoto.nl<\/a><br \/>\nViele sch\u00f6ne Bilder von <a href=\"https:\/\/www.achterhoekfoto.nl\/home\/topfotograaf\/45632\" target=\"_blank\" rel=\"noopener\">Ruud Hilhorst<\/a> die via die Links hierunter an zu sehen und auch zu bestellen sind:<br \/>\n<a href=\"https:\/\/www.achterhoekfoto.nl\/viewer\/8985\/finish-van-de-kanorally-2023\" target=\"_blank\" rel=\"noopener\">Hier ist die Ankunft in Borculo<\/a> am Samstag zu sehen<br \/>\nUnd <a href=\"https:\/\/www.achterhoekfoto.nl\/viewer\/8986\/berkel-kanorally-2023\" target=\"_blank\" rel=\"noopener\">hier ist die Abreise aus Borculo<\/a> am Sonntag zu sehen.<\/div>\n<div>&nbsp;<\/div>\n<div>&nbsp;<\/div>\n<div>&nbsp;<\/div>\n<div align=\"left\">&nbsp;<\/div>\n<div align=\"left\"><a href=\"https:\/\/deberkel.info\/wp-content\/uploads\/2023\/09\/TubantiaFeatured-800x553-1.jpg\" target=\"_blank\" rel=\"noopener\"><img loading=\"lazy\" decoding=\"async\" class=\"wp-image-17398 size-thumbnail alignleft\" src=\"https:\/\/deberkel.info\/wp-content\/uploads\/2023\/09\/TubantiaFeatured-800x553-1-150x150.jpg\" alt=\"\" width=\"150\" height=\"150\"><\/a><\/div>\n<div align=\"left\"><a id=\"Presseberichte\"><\/a><a href=\"https:\/\/www.tubantia.nl\/berkelland\/kanoen-op-meanderende-berkel-is-genieten-van-serene-rust-zonder-gettoblasters-of-whiskyonderzetters~af21ef38\/\" target=\"_blank\" rel=\"noopener\">Tubantia, Stentor, Gelderlander und Algemeen Dagblad, 27. August<\/a><\/div>\n<div align=\"left\">&nbsp;<\/div>\n<div align=\"left\">&nbsp;<\/div>\n<div align=\"left\">&nbsp;<\/div>\n<div align=\"left\">&nbsp;<\/div>\n<div align=\"left\">&nbsp;<\/div>\n<div align=\"left\">&nbsp;<\/div>\n<div align=\"left\">&nbsp;<\/div>\n<div align=\"left\">&nbsp;<\/div>\n<div align=\"left\"><a href=\"https:\/\/deberkel.info\/wp-content\/uploads\/2023\/09\/AchterhoekNieuwsFeatured-800x772-1.jpg\"><img loading=\"lazy\" decoding=\"async\" class=\"size-thumbnail wp-image-17402 alignleft\" src=\"https:\/\/deberkel.info\/wp-content\/uploads\/2023\/09\/AchterhoekNieuwsFeatured-800x772-1-150x150.jpg\" alt=\"\" width=\"150\" height=\"150\"><\/a><a href=\"https:\/\/www.achterhoeknieuwsborculoruurlo.nl\/reader\/33245#p=19\" target=\"_blank\" rel=\"noopener\">Achterhoek Nieuws, 30. August<\/a>&nbsp;<\/div>\n<div align=\"left\">&nbsp;<\/div>\n<div align=\"left\">&nbsp;<\/div>\n<div align=\"left\">&nbsp;<\/div>\n<div align=\"left\">&nbsp;<\/div>\n<div align=\"left\">&nbsp;<\/div>\n<div align=\"left\">&nbsp;<\/div>\n<div align=\"left\">&nbsp;<\/div>\n<div align=\"left\">&nbsp;<\/div>\n<div align=\"left\"><strong><a id=\"Teilnehmerbericht\"><\/a>Bericht Teilnehmer Ab Kuling im Kanublatt &#8218;Kanotities&#8216; von <a href=\"https:\/\/www.tkbn.nl\/\" target=\"_blank\" rel=\"noopener\">TKBN<\/a><\/strong>:<\/div>\n<div align=\"left\"><a href=\"https:\/\/deberkel.info\/wp-content\/uploads\/2023\/09\/TKBN-Kanotities36-2023-BerkelKanorally.pdf\" class=\"pdfemb-viewer\" style=\"width: 800px; \" data-width=\"800\" data-height=\"max\" data-mobile-width=\"500\"  data-scrollbar=\"none\" data-download=\"on\" data-tracking=\"on\" data-newwindow=\"on\" data-pagetextbox=\"off\" data-scrolltotop=\"off\" data-startzoom=\"100\" data-startfpzoom=\"100\" data-toolbar=\"both\" data-toolbar-fixed=\"on\">TKBN-Kanotities36-2023-BerkelKanorally<br\/><\/a><\/div>\n<div align=\"left\">&nbsp;<\/div>\n<div align=\"left\"><a id=\"Bilder\"><\/a> <strong>Bilderbericht<\/strong><\/div>\n<div align=\"left\">ngg_shortcode_0_placeholder<\/div>\n<div align=\"left\">&nbsp;<\/div>\n<div align=\"left\">&nbsp;<\/div>\n","protected":false},"excerpt":{"rendered":"<p>Bericht mit Bilder der 5. Berkel Kanurallye am 26. und 27. August 2023 <a href=\"https:\/\/deberkel.info\/de\/bericht-mit-bilder-berkel-kanurallye-2023\/\">Weiterlesen <span class=\"meta-nav\">&rarr;<\/span><\/a><\/p>\n","protected":false},"author":1,"featured_media":17730,"comment_status":"closed","ping_status":"closed","sticky":false,"template":"","format":"standard","meta":{"_exactmetrics_skip_tracking":false,"_exactmetrics_sitenote_active":false,"_exactmetrics_sitenote_note":"","_exactmetrics_sitenote_category":0,"ngg_post_thumbnail":0,"_locale":"de_DE","_original_post":"https:\/\/deberkel.info\/?p=17396","footnotes":"","_links_to":"","_links_to_target":""},"categories":[84,7],"tags":[],"class_list":["post-17741","post","type-post","status-publish","format-standard","has-post-thumbnail","hentry","category-3e-berkelcompagnie-nieuws","category-nieuws","de-DE"],"yoast_head":"<!-- This site is optimized with the Yoast SEO plugin v27.5 - https:\/\/yoast.com\/product\/yoast-seo-wordpress\/ -->\n<title>Bericht mit Bilder Berkel Kanurallye 2023 - Berkel Info<\/title>\n<meta name=\"description\" content=\"Bericht mit Bilder der 5. Berkel Kanurallye am 26. und 27. August 2023\" \/>\n<meta name=\"robots\" content=\"index, follow, max-snippet:-1, max-image-preview:large, max-video-preview:-1\" \/>\n<link rel=\"canonical\" href=\"https:\/\/deberkel.info\/de\/bericht-mit-bilder-berkel-kanurallye-2023\/\" \/>\n<meta property=\"og:locale\" content=\"de_DE\" \/>\n<meta property=\"og:type\" content=\"article\" \/>\n<meta property=\"og:title\" content=\"Bericht mit Bilder Berkel Kanurallye 2023 - Berkel Info\" \/>\n<meta property=\"og:description\" content=\"Bericht mit Bilder der 5. Berkel Kanurallye am 26. und 27. August 2023\" \/>\n<meta property=\"og:url\" content=\"https:\/\/deberkel.info\/de\/bericht-mit-bilder-berkel-kanurallye-2023\/\" \/>\n<meta property=\"og:site_name\" content=\"Berkel Info\" \/>\n<meta property=\"article:published_time\" content=\"2023-09-10T12:45:58+00:00\" \/>\n<meta property=\"article:modified_time\" content=\"2023-11-15T18:52:02+00:00\" \/>\n<meta property=\"og:image\" content=\"https:\/\/deberkel.info\/wp-content\/uploads\/2023\/09\/FotosBerkelKanorally2023-Featured2-600x450-1.jpg\" \/>\n\t<meta property=\"og:image:width\" content=\"600\" \/>\n\t<meta property=\"og:image:height\" content=\"450\" \/>\n\t<meta property=\"og:image:type\" content=\"image\/jpeg\" \/>\n<meta name=\"author\" content=\"berkelcompagnie\" \/>\n<meta name=\"twitter:card\" content=\"summary_large_image\" \/>\n<meta name=\"twitter:label1\" content=\"Verfasst von\" \/>\n\t<meta name=\"twitter:data1\" content=\"berkelcompagnie\" \/>\n\t<meta name=\"twitter:label2\" content=\"Gesch\u00e4tzte Lesezeit\" \/>\n\t<meta name=\"twitter:data2\" content=\"3\u00a0Minuten\" \/>\n<script type=\"application\/ld+json\" class=\"yoast-schema-graph\">{\"@context\":\"https:\\\/\\\/schema.org\",\"@graph\":[{\"@type\":\"Article\",\"@id\":\"https:\\\/\\\/deberkel.info\\\/de\\\/bericht-mit-bilder-berkel-kanurallye-2023\\\/#article\",\"isPartOf\":{\"@id\":\"https:\\\/\\\/deberkel.info\\\/de\\\/bericht-mit-bilder-berkel-kanurallye-2023\\\/\"},\"author\":{\"name\":\"berkelcompagnie\",\"@id\":\"https:\\\/\\\/deberkel.info\\\/#\\\/schema\\\/person\\\/aac0703fe8a08d928f5cfba7481eb45a\"},\"headline\":\"Bericht mit Bilder Berkel Kanurallye 2023\",\"datePublished\":\"2023-09-10T12:45:58+00:00\",\"dateModified\":\"2023-11-15T18:52:02+00:00\",\"mainEntityOfPage\":{\"@id\":\"https:\\\/\\\/deberkel.info\\\/de\\\/bericht-mit-bilder-berkel-kanurallye-2023\\\/\"},\"wordCount\":282,\"image\":{\"@id\":\"https:\\\/\\\/deberkel.info\\\/de\\\/bericht-mit-bilder-berkel-kanurallye-2023\\\/#primaryimage\"},\"thumbnailUrl\":\"https:\\\/\\\/deberkel.info\\\/wp-content\\\/uploads\\\/2023\\\/09\\\/FotosBerkelKanorally2023-Featured2-600x450-1.jpg\",\"articleSection\":[\"3. Berkelkompanie\",\"Titelseite Nachrichten\"],\"inLanguage\":\"de\"},{\"@type\":\"WebPage\",\"@id\":\"https:\\\/\\\/deberkel.info\\\/de\\\/bericht-mit-bilder-berkel-kanurallye-2023\\\/\",\"url\":\"https:\\\/\\\/deberkel.info\\\/de\\\/bericht-mit-bilder-berkel-kanurallye-2023\\\/\",\"name\":\"Bericht mit Bilder Berkel Kanurallye 2023 - Berkel Info\",\"isPartOf\":{\"@id\":\"https:\\\/\\\/deberkel.info\\\/#website\"},\"primaryImageOfPage\":{\"@id\":\"https:\\\/\\\/deberkel.info\\\/de\\\/bericht-mit-bilder-berkel-kanurallye-2023\\\/#primaryimage\"},\"image\":{\"@id\":\"https:\\\/\\\/deberkel.info\\\/de\\\/bericht-mit-bilder-berkel-kanurallye-2023\\\/#primaryimage\"},\"thumbnailUrl\":\"https:\\\/\\\/deberkel.info\\\/wp-content\\\/uploads\\\/2023\\\/09\\\/FotosBerkelKanorally2023-Featured2-600x450-1.jpg\",\"datePublished\":\"2023-09-10T12:45:58+00:00\",\"dateModified\":\"2023-11-15T18:52:02+00:00\",\"author\":{\"@id\":\"https:\\\/\\\/deberkel.info\\\/#\\\/schema\\\/person\\\/aac0703fe8a08d928f5cfba7481eb45a\"},\"description\":\"Bericht mit Bilder der 5. Berkel Kanurallye am 26. und 27. August 2023\",\"breadcrumb\":{\"@id\":\"https:\\\/\\\/deberkel.info\\\/de\\\/bericht-mit-bilder-berkel-kanurallye-2023\\\/#breadcrumb\"},\"inLanguage\":\"de\",\"potentialAction\":[{\"@type\":\"ReadAction\",\"target\":[\"https:\\\/\\\/deberkel.info\\\/de\\\/bericht-mit-bilder-berkel-kanurallye-2023\\\/\"]}]},{\"@type\":\"ImageObject\",\"inLanguage\":\"de\",\"@id\":\"https:\\\/\\\/deberkel.info\\\/de\\\/bericht-mit-bilder-berkel-kanurallye-2023\\\/#primaryimage\",\"url\":\"https:\\\/\\\/deberkel.info\\\/wp-content\\\/uploads\\\/2023\\\/09\\\/FotosBerkelKanorally2023-Featured2-600x450-1.jpg\",\"contentUrl\":\"https:\\\/\\\/deberkel.info\\\/wp-content\\\/uploads\\\/2023\\\/09\\\/FotosBerkelKanorally2023-Featured2-600x450-1.jpg\",\"width\":600,\"height\":450},{\"@type\":\"BreadcrumbList\",\"@id\":\"https:\\\/\\\/deberkel.info\\\/de\\\/bericht-mit-bilder-berkel-kanurallye-2023\\\/#breadcrumb\",\"itemListElement\":[{\"@type\":\"ListItem\",\"position\":1,\"name\":\"Home\",\"item\":\"https:\\\/\\\/deberkel.info\\\/de\\\/\"},{\"@type\":\"ListItem\",\"position\":2,\"name\":\"Bericht mit Bilder Berkel Kanurallye 2023\"}]},{\"@type\":\"WebSite\",\"@id\":\"https:\\\/\\\/deberkel.info\\\/#website\",\"url\":\"https:\\\/\\\/deberkel.info\\\/\",\"name\":\"Berkel Info\",\"description\":\"Alles over de Berkel en het Berkeldal, van Billerbeck tot Zutphen\",\"potentialAction\":[{\"@type\":\"SearchAction\",\"target\":{\"@type\":\"EntryPoint\",\"urlTemplate\":\"https:\\\/\\\/deberkel.info\\\/?s={search_term_string}\"},\"query-input\":{\"@type\":\"PropertyValueSpecification\",\"valueRequired\":true,\"valueName\":\"search_term_string\"}}],\"inLanguage\":\"de\"},{\"@type\":\"Person\",\"@id\":\"https:\\\/\\\/deberkel.info\\\/#\\\/schema\\\/person\\\/aac0703fe8a08d928f5cfba7481eb45a\",\"name\":\"berkelcompagnie\",\"image\":{\"@type\":\"ImageObject\",\"inLanguage\":\"de\",\"@id\":\"https:\\\/\\\/secure.gravatar.com\\\/avatar\\\/6307c78d195e52619e6aab2303285d5038a965465385ad25ab0f683cf59b649e?s=96&d=mm&r=g\",\"url\":\"https:\\\/\\\/secure.gravatar.com\\\/avatar\\\/6307c78d195e52619e6aab2303285d5038a965465385ad25ab0f683cf59b649e?s=96&d=mm&r=g\",\"contentUrl\":\"https:\\\/\\\/secure.gravatar.com\\\/avatar\\\/6307c78d195e52619e6aab2303285d5038a965465385ad25ab0f683cf59b649e?s=96&d=mm&r=g\",\"caption\":\"berkelcompagnie\"}}]}<\/script>\n<!-- \/ Yoast SEO plugin. -->","yoast_head_json":{"title":"Bericht mit Bilder Berkel Kanurallye 2023 - Berkel Info","description":"Bericht mit Bilder der 5. Berkel Kanurallye am 26. und 27. August 2023","robots":{"index":"index","follow":"follow","max-snippet":"max-snippet:-1","max-image-preview":"max-image-preview:large","max-video-preview":"max-video-preview:-1"},"canonical":"https:\/\/deberkel.info\/de\/bericht-mit-bilder-berkel-kanurallye-2023\/","og_locale":"de_DE","og_type":"article","og_title":"Bericht mit Bilder Berkel Kanurallye 2023 - Berkel Info","og_description":"Bericht mit Bilder der 5. Berkel Kanurallye am 26. und 27. August 2023","og_url":"https:\/\/deberkel.info\/de\/bericht-mit-bilder-berkel-kanurallye-2023\/","og_site_name":"Berkel Info","article_published_time":"2023-09-10T12:45:58+00:00","article_modified_time":"2023-11-15T18:52:02+00:00","og_image":[{"width":600,"height":450,"url":"https:\/\/deberkel.info\/wp-content\/uploads\/2023\/09\/FotosBerkelKanorally2023-Featured2-600x450-1.jpg","type":"image\/jpeg"}],"author":"berkelcompagnie","twitter_card":"summary_large_image","twitter_misc":{"Verfasst von":"berkelcompagnie","Gesch\u00e4tzte Lesezeit":"3\u00a0Minuten"},"schema":{"@context":"https:\/\/schema.org","@graph":[{"@type":"Article","@id":"https:\/\/deberkel.info\/de\/bericht-mit-bilder-berkel-kanurallye-2023\/#article","isPartOf":{"@id":"https:\/\/deberkel.info\/de\/bericht-mit-bilder-berkel-kanurallye-2023\/"},"author":{"name":"berkelcompagnie","@id":"https:\/\/deberkel.info\/#\/schema\/person\/aac0703fe8a08d928f5cfba7481eb45a"},"headline":"Bericht mit Bilder Berkel Kanurallye 2023","datePublished":"2023-09-10T12:45:58+00:00","dateModified":"2023-11-15T18:52:02+00:00","mainEntityOfPage":{"@id":"https:\/\/deberkel.info\/de\/bericht-mit-bilder-berkel-kanurallye-2023\/"},"wordCount":282,"image":{"@id":"https:\/\/deberkel.info\/de\/bericht-mit-bilder-berkel-kanurallye-2023\/#primaryimage"},"thumbnailUrl":"https:\/\/deberkel.info\/wp-content\/uploads\/2023\/09\/FotosBerkelKanorally2023-Featured2-600x450-1.jpg","articleSection":["3. Berkelkompanie","Titelseite Nachrichten"],"inLanguage":"de"},{"@type":"WebPage","@id":"https:\/\/deberkel.info\/de\/bericht-mit-bilder-berkel-kanurallye-2023\/","url":"https:\/\/deberkel.info\/de\/bericht-mit-bilder-berkel-kanurallye-2023\/","name":"Bericht mit Bilder Berkel Kanurallye 2023 - Berkel Info","isPartOf":{"@id":"https:\/\/deberkel.info\/#website"},"primaryImageOfPage":{"@id":"https:\/\/deberkel.info\/de\/bericht-mit-bilder-berkel-kanurallye-2023\/#primaryimage"},"image":{"@id":"https:\/\/deberkel.info\/de\/bericht-mit-bilder-berkel-kanurallye-2023\/#primaryimage"},"thumbnailUrl":"https:\/\/deberkel.info\/wp-content\/uploads\/2023\/09\/FotosBerkelKanorally2023-Featured2-600x450-1.jpg","datePublished":"2023-09-10T12:45:58+00:00","dateModified":"2023-11-15T18:52:02+00:00","author":{"@id":"https:\/\/deberkel.info\/#\/schema\/person\/aac0703fe8a08d928f5cfba7481eb45a"},"description":"Bericht mit Bilder der 5. Berkel Kanurallye am 26. und 27. August 2023","breadcrumb":{"@id":"https:\/\/deberkel.info\/de\/bericht-mit-bilder-berkel-kanurallye-2023\/#breadcrumb"},"inLanguage":"de","potentialAction":[{"@type":"ReadAction","target":["https:\/\/deberkel.info\/de\/bericht-mit-bilder-berkel-kanurallye-2023\/"]}]},{"@type":"ImageObject","inLanguage":"de","@id":"https:\/\/deberkel.info\/de\/bericht-mit-bilder-berkel-kanurallye-2023\/#primaryimage","url":"https:\/\/deberkel.info\/wp-content\/uploads\/2023\/09\/FotosBerkelKanorally2023-Featured2-600x450-1.jpg","contentUrl":"https:\/\/deberkel.info\/wp-content\/uploads\/2023\/09\/FotosBerkelKanorally2023-Featured2-600x450-1.jpg","width":600,"height":450},{"@type":"BreadcrumbList","@id":"https:\/\/deberkel.info\/de\/bericht-mit-bilder-berkel-kanurallye-2023\/#breadcrumb","itemListElement":[{"@type":"ListItem","position":1,"name":"Home","item":"https:\/\/deberkel.info\/de\/"},{"@type":"ListItem","position":2,"name":"Bericht mit Bilder Berkel Kanurallye 2023"}]},{"@type":"WebSite","@id":"https:\/\/deberkel.info\/#website","url":"https:\/\/deberkel.info\/","name":"Berkel Info","description":"Alles over de Berkel en het Berkeldal, van Billerbeck tot Zutphen","potentialAction":[{"@type":"SearchAction","target":{"@type":"EntryPoint","urlTemplate":"https:\/\/deberkel.info\/?s={search_term_string}"},"query-input":{"@type":"PropertyValueSpecification","valueRequired":true,"valueName":"search_term_string"}}],"inLanguage":"de"},{"@type":"Person","@id":"https:\/\/deberkel.info\/#\/schema\/person\/aac0703fe8a08d928f5cfba7481eb45a","name":"berkelcompagnie","image":{"@type":"ImageObject","inLanguage":"de","@id":"https:\/\/secure.gravatar.com\/avatar\/6307c78d195e52619e6aab2303285d5038a965465385ad25ab0f683cf59b649e?s=96&d=mm&r=g","url":"https:\/\/secure.gravatar.com\/avatar\/6307c78d195e52619e6aab2303285d5038a965465385ad25ab0f683cf59b649e?s=96&d=mm&r=g","contentUrl":"https:\/\/secure.gravatar.com\/avatar\/6307c78d195e52619e6aab2303285d5038a965465385ad25ab0f683cf59b649e?s=96&d=mm&r=g","caption":"berkelcompagnie"}}]}},"rttpg_featured_image_url":{"full":["https:\/\/deberkel.info\/wp-content\/uploads\/2023\/09\/FotosBerkelKanorally2023-Featured2-600x450-1.jpg",600,450,false],"landscape":["https:\/\/deberkel.info\/wp-content\/uploads\/2023\/09\/FotosBerkelKanorally2023-Featured2-600x450-1.jpg",600,450,false],"portraits":["https:\/\/deberkel.info\/wp-content\/uploads\/2023\/09\/FotosBerkelKanorally2023-Featured2-600x450-1.jpg",600,450,false],"thumbnail":["https:\/\/deberkel.info\/wp-content\/uploads\/2023\/09\/FotosBerkelKanorally2023-Featured2-600x450-1-150x150.jpg",150,150,true],"medium":["https:\/\/deberkel.info\/wp-content\/uploads\/2023\/09\/FotosBerkelKanorally2023-Featured2-600x450-1-300x225.jpg",300,225,true],"large":["https:\/\/deberkel.info\/wp-content\/uploads\/2023\/09\/FotosBerkelKanorally2023-Featured2-600x450-1.jpg",584,438,false],"1536x1536":["https:\/\/deberkel.info\/wp-content\/uploads\/2023\/09\/FotosBerkelKanorally2023-Featured2-600x450-1.jpg",600,450,false],"2048x2048":["https:\/\/deberkel.info\/wp-content\/uploads\/2023\/09\/FotosBerkelKanorally2023-Featured2-600x450-1.jpg",600,450,false],"post-thumbnail":["https:\/\/deberkel.info\/wp-content\/uploads\/2023\/09\/FotosBerkelKanorally2023-Featured2-600x450-1-600x288.jpg",600,288,true],"large-feature":["https:\/\/deberkel.info\/wp-content\/uploads\/2023\/09\/FotosBerkelKanorally2023-Featured2-600x450-1-600x288.jpg",600,288,true],"small-feature":["https:\/\/deberkel.info\/wp-content\/uploads\/2023\/09\/FotosBerkelKanorally2023-Featured2-600x450-1-400x300.jpg",400,300,true]},"rttpg_author":{"display_name":"berkelcompagnie","author_link":"https:\/\/deberkel.info\/author\/berkelcompagnie\/"},"rttpg_comment":0,"rttpg_category":"<a href=\"https:\/\/deberkel.info\/de\/3e-berkelcompagnie-nieuws\/\" rel=\"category tag\">3. Berkelkompanie<\/a> <a href=\"https:\/\/deberkel.info\/de\/nieuws\/\" rel=\"category tag\">Titelseite Nachrichten<\/a>","rttpg_excerpt":"Bericht mit Bilder der 5. Berkel Kanurallye am 26. und 27. August 2023 Weiterlesen &rarr;","_links":{"self":[{"href":"https:\/\/deberkel.info\/wp-json\/wp\/v2\/posts\/17741","targetHints":{"allow":["GET"]}}],"collection":[{"href":"https:\/\/deberkel.info\/wp-json\/wp\/v2\/posts"}],"about":[{"href":"https:\/\/deberkel.info\/wp-json\/wp\/v2\/types\/post"}],"author":[{"embeddable":true,"href":"https:\/\/deberkel.info\/wp-json\/wp\/v2\/users\/1"}],"replies":[{"embeddable":true,"href":"https:\/\/deberkel.info\/wp-json\/wp\/v2\/comments?post=17741"}],"version-history":[{"count":19,"href":"https:\/\/deberkel.info\/wp-json\/wp\/v2\/posts\/17741\/revisions"}],"predecessor-version":[{"id":17916,"href":"https:\/\/deberkel.info\/wp-json\/wp\/v2\/posts\/17741\/revisions\/17916"}],"wp:featuredmedia":[{"embeddable":true,"href":"https:\/\/deberkel.info\/wp-json\/wp\/v2\/media\/17730"}],"wp:attachment":[{"href":"https:\/\/deberkel.info\/wp-json\/wp\/v2\/media?parent=17741"}],"wp:term":[{"taxonomy":"category","embeddable":true,"href":"https:\/\/deberkel.info\/wp-json\/wp\/v2\/categories?post=17741"},{"taxonomy":"post_tag","embeddable":true,"href":"https:\/\/deberkel.info\/wp-json\/wp\/v2\/tags?post=17741"}],"curies":[{"name":"wp","href":"https:\/\/api.w.org\/{rel}","templated":true}]}}