{"id":18947,"date":"2025-04-08T20:17:33","date_gmt":"2025-04-08T18:17:33","guid":{"rendered":"https:\/\/deberkel.info\/?p=18947"},"modified":"2025-04-08T20:20:50","modified_gmt":"2025-04-08T18:20:50","slug":"berkel-exkursion-am-16-mai-2025","status":"publish","type":"post","link":"https:\/\/deberkel.info\/de\/berkel-exkursion-am-16-mai-2025\/","title":{"rendered":"Berkel Exkursion am 16. Mai 2025"},"content":{"rendered":"<p><strong><em>Die 3e Berkelcompagnie l\u00e4dt ein zur Berkel-Exkursion am 16.Mai<\/em><\/strong><\/p>\n<div id=\"attachment_18938\" style=\"width: 610px\" class=\"wp-caption alignnone\"><a href=\"https:\/\/deberkel.info\/wp-content\/uploads\/2025\/04\/Stadtlohn-Berkelmuhle_\u00a9Michael-Cords-600x338-1.jpg\"><img loading=\"lazy\" decoding=\"async\" aria-describedby=\"caption-attachment-18938\" class=\"wp-image-18938 size-full\" style=\"width: 800px; height: 338px;\" src=\"https:\/\/deberkel.info\/wp-content\/uploads\/2025\/04\/Stadtlohn-Berkelmuhle_\u00a9Michael-Cords-600x338-1.jpg\" alt=\"Berkelm\u00fchle Stadtlohn, \u00a9Michael Cords\" width=\"600\" height=\"338\" srcset=\"https:\/\/deberkel.info\/wp-content\/uploads\/2025\/04\/Stadtlohn-Berkelmuhle_\u00a9Michael-Cords-600x338-1.jpg 600w, https:\/\/deberkel.info\/wp-content\/uploads\/2025\/04\/Stadtlohn-Berkelmuhle_\u00a9Michael-Cords-600x338-1-300x169.jpg 300w, https:\/\/deberkel.info\/wp-content\/uploads\/2025\/04\/Stadtlohn-Berkelmuhle_\u00a9Michael-Cords-600x338-1-500x282.jpg 500w\" sizes=\"auto, (max-width: 600px) 100vw, 600px\" \/><\/a><p id=\"caption-attachment-18938\" class=\"wp-caption-text\">Berkelm\u00fchle Stadtlohn, \u00a9Michael Cords<\/p><\/div>\n<p>Die 3e Berkelcompagnie ist eine deutsch-niederl\u00e4ndisch Vereinigung, die sich in den Bereichen Natur, Kultur, Tourismus und generell der Zusammenarbeit h\u00fcben und dr\u00fcber der Grenze entlang der Berkel engagiert. Dazu veranstaltet sie unter anderem Jahr um Jahr wechselweise in den Niederlanden und Deutschland \u201eBerkelexkursionen\u201c. In ihnen werden die verschiedensten Aspekte rund um die Berkel aufgezeigt und relevante und berkelnahe \u00d6rtlichkeiten, Naturerlebnisse, Ausflugsziele und Firmen besucht.<\/p>\n<p>&nbsp;In diesem Jahr ist die deutsche Seite im Fokus der Exkursion. Sie findet statt am 16.05.2025 und startet mit einem Begr\u00fc\u00dfungskaffee f\u00fcr die niederl\u00e4ndischen und deutschen Berkelfreunde um 10.00 Uhr in der Berkelm\u00fchle in Stadtlohn. Danach geht es los zur \u201e\u00dcberraschungstour\u201c entlang der Berkel gemeinsam in einem Bus \u2013 und endet hier auch wieder gegen 19.30 Uhr<\/p>\n<div id=\"attachment_18937\" style=\"width: 610px\" class=\"wp-caption alignnone\"><a href=\"https:\/\/deberkel.info\/wp-content\/uploads\/2025\/04\/Berkelmuehle_1-Alexianer-Muenster-600x400-1.jpg\"><img loading=\"lazy\" decoding=\"async\" aria-describedby=\"caption-attachment-18937\" class=\"wp-image-18937 size-full\" src=\"https:\/\/deberkel.info\/wp-content\/uploads\/2025\/04\/Berkelmuehle_1-Alexianer-Muenster-600x400-1.jpg\" alt=\"Berkelm\u00fchle Stadtlohn, \u00a9Alianer\" width=\"600\" height=\"400\" srcset=\"https:\/\/deberkel.info\/wp-content\/uploads\/2025\/04\/Berkelmuehle_1-Alexianer-Muenster-600x400-1.jpg 600w, https:\/\/deberkel.info\/wp-content\/uploads\/2025\/04\/Berkelmuehle_1-Alexianer-Muenster-600x400-1-300x200.jpg 300w, https:\/\/deberkel.info\/wp-content\/uploads\/2025\/04\/Berkelmuehle_1-Alexianer-Muenster-600x400-1-450x300.jpg 450w\" sizes=\"auto, (max-width: 600px) 100vw, 600px\" \/><\/a><p id=\"caption-attachment-18937\" class=\"wp-caption-text\">Berkelm\u00fchle Stadtlohn, \u00a9Alianer<\/p><\/div>\n<p>Die GMB BioEnergie Zutphen BV unterst\u00fctzt erneut die Exkursion, so dass der Teilnehmerbeitrag mit 40 \u20ac wieder niedrig gehalten werden konnte. In ihm sind die Kosten f\u00fcr den Begr\u00fc\u00dfungskaffee, den Mittagsimbiss und das Abendessen enthalten.<\/p>\n<p>Mehr Information \u00fcber die 3e Berkelcompagnie lesen sie auf <a href=\"https:\/\/dieberkel.info\/de\/berkelkompanie\/\">https:\/\/dieberkel.info\/de\/berkelkompanie\/<\/a>.<br \/>\nHier k\u00f6nnen Sie sich auch anmelden als Mitglied der Vereinigung.<\/p>\n<p>Anmeldungen f\u00fcr die Exkursion bis zum 09.05.2025 und R\u00fcckfragen sind m\u00f6glich bei Hannelore Schulz &nbsp;<a href=\"mailto:secretaris.berkelcompagnie@dieberkel.info\">secretaris.berkelcompagnie@dieberkel.info<\/a><\/p>\n","protected":false},"excerpt":{"rendered":"<p>Berkel-Exkursion 3e Berkelcompagnie am 16. Mai 2025 <a href=\"https:\/\/deberkel.info\/de\/berkel-exkursion-am-16-mai-2025\/\">Weiterlesen <span class=\"meta-nav\">&rarr;<\/span><\/a><\/p>\n","protected":false},"author":1,"featured_media":18938,"comment_status":"closed","ping_status":"closed","sticky":false,"template":"","format":"standard","meta":{"_exactmetrics_skip_tracking":false,"_exactmetrics_sitenote_active":false,"_exactmetrics_sitenote_note":"","_exactmetrics_sitenote_category":0,"ngg_post_thumbnail":0,"_locale":"de_DE","_original_post":"https:\/\/deberkel.info\/?p=18927","footnotes":"","_links_to":"","_links_to_target":""},"categories":[84,7],"tags":[],"class_list":["post-18947","post","type-post","status-publish","format-standard","has-post-thumbnail","hentry","category-3e-berkelcompagnie-nieuws","category-nieuws","de-DE"],"yoast_head":"<!-- This site is optimized with the Yoast SEO plugin v27.5 - https:\/\/yoast.com\/product\/yoast-seo-wordpress\/ -->\n<title>Berkel Exkursion am 16. Mai 2025 - Berkel Info<\/title>\n<meta name=\"description\" content=\"Berkel-Exkursion 3e Berkelcompagnie\" \/>\n<meta name=\"robots\" content=\"index, follow, max-snippet:-1, max-image-preview:large, max-video-preview:-1\" \/>\n<link rel=\"canonical\" href=\"https:\/\/deberkel.info\/de\/berkel-exkursion-am-16-mai-2025\/\" \/>\n<meta property=\"og:locale\" content=\"de_DE\" \/>\n<meta property=\"og:type\" content=\"article\" \/>\n<meta property=\"og:title\" content=\"Berkel Exkursion am 16. Mai 2025 - Berkel Info\" \/>\n<meta property=\"og:description\" content=\"Berkel-Exkursion 3e Berkelcompagnie\" \/>\n<meta property=\"og:url\" content=\"https:\/\/deberkel.info\/de\/berkel-exkursion-am-16-mai-2025\/\" \/>\n<meta property=\"og:site_name\" content=\"Berkel Info\" \/>\n<meta property=\"article:published_time\" content=\"2025-04-08T18:17:33+00:00\" \/>\n<meta property=\"article:modified_time\" content=\"2025-04-08T18:20:50+00:00\" \/>\n<meta property=\"og:image\" content=\"https:\/\/deberkel.info\/wp-content\/uploads\/2025\/04\/Stadtlohn-Berkelmuhle_\u00a9Michael-Cords-600x338-1.jpg\" \/>\n\t<meta property=\"og:image:width\" content=\"600\" \/>\n\t<meta property=\"og:image:height\" content=\"338\" \/>\n\t<meta property=\"og:image:type\" content=\"image\/jpeg\" \/>\n<meta name=\"author\" content=\"berkelcompagnie\" \/>\n<meta name=\"twitter:card\" content=\"summary_large_image\" \/>\n<meta name=\"twitter:label1\" content=\"Verfasst von\" \/>\n\t<meta name=\"twitter:data1\" content=\"berkelcompagnie\" \/>\n\t<meta name=\"twitter:label2\" content=\"Gesch\u00e4tzte Lesezeit\" \/>\n\t<meta name=\"twitter:data2\" content=\"2\u00a0Minuten\" \/>\n<script type=\"application\/ld+json\" class=\"yoast-schema-graph\">{\"@context\":\"https:\\\/\\\/schema.org\",\"@graph\":[{\"@type\":\"Article\",\"@id\":\"https:\\\/\\\/deberkel.info\\\/de\\\/berkel-exkursion-am-16-mai-2025\\\/#article\",\"isPartOf\":{\"@id\":\"https:\\\/\\\/deberkel.info\\\/de\\\/berkel-exkursion-am-16-mai-2025\\\/\"},\"author\":{\"name\":\"berkelcompagnie\",\"@id\":\"https:\\\/\\\/deberkel.info\\\/#\\\/schema\\\/person\\\/68626cffa2cc89382550cfe49c51a4f8\"},\"headline\":\"Berkel Exkursion am 16. Mai 2025\",\"datePublished\":\"2025-04-08T18:17:33+00:00\",\"dateModified\":\"2025-04-08T18:20:50+00:00\",\"mainEntityOfPage\":{\"@id\":\"https:\\\/\\\/deberkel.info\\\/de\\\/berkel-exkursion-am-16-mai-2025\\\/\"},\"wordCount\":244,\"image\":{\"@id\":\"https:\\\/\\\/deberkel.info\\\/de\\\/berkel-exkursion-am-16-mai-2025\\\/#primaryimage\"},\"thumbnailUrl\":\"https:\\\/\\\/deberkel.info\\\/wp-content\\\/uploads\\\/2025\\\/04\\\/Stadtlohn-Berkelmuhle_\u00a9Michael-Cords-600x338-1.jpg\",\"articleSection\":[\"3. Berkelkompanie\",\"Titelseite Nachrichten\"],\"inLanguage\":\"de\"},{\"@type\":\"WebPage\",\"@id\":\"https:\\\/\\\/deberkel.info\\\/de\\\/berkel-exkursion-am-16-mai-2025\\\/\",\"url\":\"https:\\\/\\\/deberkel.info\\\/de\\\/berkel-exkursion-am-16-mai-2025\\\/\",\"name\":\"Berkel Exkursion am 16. Mai 2025 - Berkel Info\",\"isPartOf\":{\"@id\":\"https:\\\/\\\/deberkel.info\\\/#website\"},\"primaryImageOfPage\":{\"@id\":\"https:\\\/\\\/deberkel.info\\\/de\\\/berkel-exkursion-am-16-mai-2025\\\/#primaryimage\"},\"image\":{\"@id\":\"https:\\\/\\\/deberkel.info\\\/de\\\/berkel-exkursion-am-16-mai-2025\\\/#primaryimage\"},\"thumbnailUrl\":\"https:\\\/\\\/deberkel.info\\\/wp-content\\\/uploads\\\/2025\\\/04\\\/Stadtlohn-Berkelmuhle_\u00a9Michael-Cords-600x338-1.jpg\",\"datePublished\":\"2025-04-08T18:17:33+00:00\",\"dateModified\":\"2025-04-08T18:20:50+00:00\",\"author\":{\"@id\":\"https:\\\/\\\/deberkel.info\\\/#\\\/schema\\\/person\\\/68626cffa2cc89382550cfe49c51a4f8\"},\"description\":\"Berkel-Exkursion 3e Berkelcompagnie\",\"breadcrumb\":{\"@id\":\"https:\\\/\\\/deberkel.info\\\/de\\\/berkel-exkursion-am-16-mai-2025\\\/#breadcrumb\"},\"inLanguage\":\"de\",\"potentialAction\":[{\"@type\":\"ReadAction\",\"target\":[\"https:\\\/\\\/deberkel.info\\\/de\\\/berkel-exkursion-am-16-mai-2025\\\/\"]}]},{\"@type\":\"ImageObject\",\"inLanguage\":\"de\",\"@id\":\"https:\\\/\\\/deberkel.info\\\/de\\\/berkel-exkursion-am-16-mai-2025\\\/#primaryimage\",\"url\":\"https:\\\/\\\/deberkel.info\\\/wp-content\\\/uploads\\\/2025\\\/04\\\/Stadtlohn-Berkelmuhle_\u00a9Michael-Cords-600x338-1.jpg\",\"contentUrl\":\"https:\\\/\\\/deberkel.info\\\/wp-content\\\/uploads\\\/2025\\\/04\\\/Stadtlohn-Berkelmuhle_\u00a9Michael-Cords-600x338-1.jpg\",\"width\":600,\"height\":338},{\"@type\":\"BreadcrumbList\",\"@id\":\"https:\\\/\\\/deberkel.info\\\/de\\\/berkel-exkursion-am-16-mai-2025\\\/#breadcrumb\",\"itemListElement\":[{\"@type\":\"ListItem\",\"position\":1,\"name\":\"Home\",\"item\":\"https:\\\/\\\/deberkel.info\\\/de\\\/\"},{\"@type\":\"ListItem\",\"position\":2,\"name\":\"Berkel Exkursion am 16. Mai 2025\"}]},{\"@type\":\"WebSite\",\"@id\":\"https:\\\/\\\/deberkel.info\\\/#website\",\"url\":\"https:\\\/\\\/deberkel.info\\\/\",\"name\":\"Berkel Info\",\"description\":\"Alles over de Berkel en het Berkeldal, van Billerbeck tot Zutphen\",\"potentialAction\":[{\"@type\":\"SearchAction\",\"target\":{\"@type\":\"EntryPoint\",\"urlTemplate\":\"https:\\\/\\\/deberkel.info\\\/?s={search_term_string}\"},\"query-input\":{\"@type\":\"PropertyValueSpecification\",\"valueRequired\":true,\"valueName\":\"search_term_string\"}}],\"inLanguage\":\"de\"},{\"@type\":\"Person\",\"@id\":\"https:\\\/\\\/deberkel.info\\\/#\\\/schema\\\/person\\\/68626cffa2cc89382550cfe49c51a4f8\",\"name\":\"berkelcompagnie\",\"image\":{\"@type\":\"ImageObject\",\"inLanguage\":\"de\",\"@id\":\"https:\\\/\\\/secure.gravatar.com\\\/avatar\\\/6307c78d195e52619e6aab2303285d5038a965465385ad25ab0f683cf59b649e?s=96&d=mm&r=g\",\"url\":\"https:\\\/\\\/secure.gravatar.com\\\/avatar\\\/6307c78d195e52619e6aab2303285d5038a965465385ad25ab0f683cf59b649e?s=96&d=mm&r=g\",\"contentUrl\":\"https:\\\/\\\/secure.gravatar.com\\\/avatar\\\/6307c78d195e52619e6aab2303285d5038a965465385ad25ab0f683cf59b649e?s=96&d=mm&r=g\",\"caption\":\"berkelcompagnie\"}}]}<\/script>\n<!-- \/ Yoast SEO plugin. -->","yoast_head_json":{"title":"Berkel Exkursion am 16. Mai 2025 - Berkel Info","description":"Berkel-Exkursion 3e Berkelcompagnie","robots":{"index":"index","follow":"follow","max-snippet":"max-snippet:-1","max-image-preview":"max-image-preview:large","max-video-preview":"max-video-preview:-1"},"canonical":"https:\/\/deberkel.info\/de\/berkel-exkursion-am-16-mai-2025\/","og_locale":"de_DE","og_type":"article","og_title":"Berkel Exkursion am 16. Mai 2025 - Berkel Info","og_description":"Berkel-Exkursion 3e Berkelcompagnie","og_url":"https:\/\/deberkel.info\/de\/berkel-exkursion-am-16-mai-2025\/","og_site_name":"Berkel Info","article_published_time":"2025-04-08T18:17:33+00:00","article_modified_time":"2025-04-08T18:20:50+00:00","og_image":[{"width":600,"height":338,"url":"https:\/\/deberkel.info\/wp-content\/uploads\/2025\/04\/Stadtlohn-Berkelmuhle_\u00a9Michael-Cords-600x338-1.jpg","type":"image\/jpeg"}],"author":"berkelcompagnie","twitter_card":"summary_large_image","twitter_misc":{"Verfasst von":"berkelcompagnie","Gesch\u00e4tzte Lesezeit":"2\u00a0Minuten"},"schema":{"@context":"https:\/\/schema.org","@graph":[{"@type":"Article","@id":"https:\/\/deberkel.info\/de\/berkel-exkursion-am-16-mai-2025\/#article","isPartOf":{"@id":"https:\/\/deberkel.info\/de\/berkel-exkursion-am-16-mai-2025\/"},"author":{"name":"berkelcompagnie","@id":"https:\/\/deberkel.info\/#\/schema\/person\/68626cffa2cc89382550cfe49c51a4f8"},"headline":"Berkel Exkursion am 16. Mai 2025","datePublished":"2025-04-08T18:17:33+00:00","dateModified":"2025-04-08T18:20:50+00:00","mainEntityOfPage":{"@id":"https:\/\/deberkel.info\/de\/berkel-exkursion-am-16-mai-2025\/"},"wordCount":244,"image":{"@id":"https:\/\/deberkel.info\/de\/berkel-exkursion-am-16-mai-2025\/#primaryimage"},"thumbnailUrl":"https:\/\/deberkel.info\/wp-content\/uploads\/2025\/04\/Stadtlohn-Berkelmuhle_\u00a9Michael-Cords-600x338-1.jpg","articleSection":["3. Berkelkompanie","Titelseite Nachrichten"],"inLanguage":"de"},{"@type":"WebPage","@id":"https:\/\/deberkel.info\/de\/berkel-exkursion-am-16-mai-2025\/","url":"https:\/\/deberkel.info\/de\/berkel-exkursion-am-16-mai-2025\/","name":"Berkel Exkursion am 16. Mai 2025 - Berkel Info","isPartOf":{"@id":"https:\/\/deberkel.info\/#website"},"primaryImageOfPage":{"@id":"https:\/\/deberkel.info\/de\/berkel-exkursion-am-16-mai-2025\/#primaryimage"},"image":{"@id":"https:\/\/deberkel.info\/de\/berkel-exkursion-am-16-mai-2025\/#primaryimage"},"thumbnailUrl":"https:\/\/deberkel.info\/wp-content\/uploads\/2025\/04\/Stadtlohn-Berkelmuhle_\u00a9Michael-Cords-600x338-1.jpg","datePublished":"2025-04-08T18:17:33+00:00","dateModified":"2025-04-08T18:20:50+00:00","author":{"@id":"https:\/\/deberkel.info\/#\/schema\/person\/68626cffa2cc89382550cfe49c51a4f8"},"description":"Berkel-Exkursion 3e Berkelcompagnie","breadcrumb":{"@id":"https:\/\/deberkel.info\/de\/berkel-exkursion-am-16-mai-2025\/#breadcrumb"},"inLanguage":"de","potentialAction":[{"@type":"ReadAction","target":["https:\/\/deberkel.info\/de\/berkel-exkursion-am-16-mai-2025\/"]}]},{"@type":"ImageObject","inLanguage":"de","@id":"https:\/\/deberkel.info\/de\/berkel-exkursion-am-16-mai-2025\/#primaryimage","url":"https:\/\/deberkel.info\/wp-content\/uploads\/2025\/04\/Stadtlohn-Berkelmuhle_\u00a9Michael-Cords-600x338-1.jpg","contentUrl":"https:\/\/deberkel.info\/wp-content\/uploads\/2025\/04\/Stadtlohn-Berkelmuhle_\u00a9Michael-Cords-600x338-1.jpg","width":600,"height":338},{"@type":"BreadcrumbList","@id":"https:\/\/deberkel.info\/de\/berkel-exkursion-am-16-mai-2025\/#breadcrumb","itemListElement":[{"@type":"ListItem","position":1,"name":"Home","item":"https:\/\/deberkel.info\/de\/"},{"@type":"ListItem","position":2,"name":"Berkel Exkursion am 16. Mai 2025"}]},{"@type":"WebSite","@id":"https:\/\/deberkel.info\/#website","url":"https:\/\/deberkel.info\/","name":"Berkel Info","description":"Alles over de Berkel en het Berkeldal, van Billerbeck tot Zutphen","potentialAction":[{"@type":"SearchAction","target":{"@type":"EntryPoint","urlTemplate":"https:\/\/deberkel.info\/?s={search_term_string}"},"query-input":{"@type":"PropertyValueSpecification","valueRequired":true,"valueName":"search_term_string"}}],"inLanguage":"de"},{"@type":"Person","@id":"https:\/\/deberkel.info\/#\/schema\/person\/68626cffa2cc89382550cfe49c51a4f8","name":"berkelcompagnie","image":{"@type":"ImageObject","inLanguage":"de","@id":"https:\/\/secure.gravatar.com\/avatar\/6307c78d195e52619e6aab2303285d5038a965465385ad25ab0f683cf59b649e?s=96&d=mm&r=g","url":"https:\/\/secure.gravatar.com\/avatar\/6307c78d195e52619e6aab2303285d5038a965465385ad25ab0f683cf59b649e?s=96&d=mm&r=g","contentUrl":"https:\/\/secure.gravatar.com\/avatar\/6307c78d195e52619e6aab2303285d5038a965465385ad25ab0f683cf59b649e?s=96&d=mm&r=g","caption":"berkelcompagnie"}}]}},"rttpg_featured_image_url":{"full":["https:\/\/deberkel.info\/wp-content\/uploads\/2025\/04\/Stadtlohn-Berkelmuhle_\u00a9Michael-Cords-600x338-1.jpg",600,338,false],"landscape":["https:\/\/deberkel.info\/wp-content\/uploads\/2025\/04\/Stadtlohn-Berkelmuhle_\u00a9Michael-Cords-600x338-1.jpg",600,338,false],"portraits":["https:\/\/deberkel.info\/wp-content\/uploads\/2025\/04\/Stadtlohn-Berkelmuhle_\u00a9Michael-Cords-600x338-1.jpg",600,338,false],"thumbnail":["https:\/\/deberkel.info\/wp-content\/uploads\/2025\/04\/Stadtlohn-Berkelmuhle_\u00a9Michael-Cords-600x338-1-150x150.jpg",150,150,true],"medium":["https:\/\/deberkel.info\/wp-content\/uploads\/2025\/04\/Stadtlohn-Berkelmuhle_\u00a9Michael-Cords-600x338-1-300x169.jpg",300,169,true],"large":["https:\/\/deberkel.info\/wp-content\/uploads\/2025\/04\/Stadtlohn-Berkelmuhle_\u00a9Michael-Cords-600x338-1.jpg",584,329,false],"1536x1536":["https:\/\/deberkel.info\/wp-content\/uploads\/2025\/04\/Stadtlohn-Berkelmuhle_\u00a9Michael-Cords-600x338-1.jpg",600,338,false],"2048x2048":["https:\/\/deberkel.info\/wp-content\/uploads\/2025\/04\/Stadtlohn-Berkelmuhle_\u00a9Michael-Cords-600x338-1.jpg",600,338,false],"post-thumbnail":["https:\/\/deberkel.info\/wp-content\/uploads\/2025\/04\/Stadtlohn-Berkelmuhle_\u00a9Michael-Cords-600x338-1-600x288.jpg",600,288,true],"large-feature":["https:\/\/deberkel.info\/wp-content\/uploads\/2025\/04\/Stadtlohn-Berkelmuhle_\u00a9Michael-Cords-600x338-1-600x288.jpg",600,288,true],"small-feature":["https:\/\/deberkel.info\/wp-content\/uploads\/2025\/04\/Stadtlohn-Berkelmuhle_\u00a9Michael-Cords-600x338-1-500x282.jpg",500,282,true]},"rttpg_author":{"display_name":"berkelcompagnie","author_link":"https:\/\/deberkel.info\/author\/berkelcompagnie\/"},"rttpg_comment":0,"rttpg_category":"<a href=\"https:\/\/deberkel.info\/de\/3e-berkelcompagnie-nieuws\/\" rel=\"category tag\">3. Berkelkompanie<\/a> <a href=\"https:\/\/deberkel.info\/de\/nieuws\/\" rel=\"category tag\">Titelseite Nachrichten<\/a>","rttpg_excerpt":"Berkel-Exkursion 3e Berkelcompagnie am 16. Mai 2025 Weiterlesen &rarr;","_links":{"self":[{"href":"https:\/\/deberkel.info\/wp-json\/wp\/v2\/posts\/18947","targetHints":{"allow":["GET"]}}],"collection":[{"href":"https:\/\/deberkel.info\/wp-json\/wp\/v2\/posts"}],"about":[{"href":"https:\/\/deberkel.info\/wp-json\/wp\/v2\/types\/post"}],"author":[{"embeddable":true,"href":"https:\/\/deberkel.info\/wp-json\/wp\/v2\/users\/1"}],"replies":[{"embeddable":true,"href":"https:\/\/deberkel.info\/wp-json\/wp\/v2\/comments?post=18947"}],"version-history":[{"count":2,"href":"https:\/\/deberkel.info\/wp-json\/wp\/v2\/posts\/18947\/revisions"}],"predecessor-version":[{"id":18950,"href":"https:\/\/deberkel.info\/wp-json\/wp\/v2\/posts\/18947\/revisions\/18950"}],"wp:featuredmedia":[{"embeddable":true,"href":"https:\/\/deberkel.info\/wp-json\/wp\/v2\/media\/18938"}],"wp:attachment":[{"href":"https:\/\/deberkel.info\/wp-json\/wp\/v2\/media?parent=18947"}],"wp:term":[{"taxonomy":"category","embeddable":true,"href":"https:\/\/deberkel.info\/wp-json\/wp\/v2\/categories?post=18947"},{"taxonomy":"post_tag","embeddable":true,"href":"https:\/\/deberkel.info\/wp-json\/wp\/v2\/tags?post=18947"}],"curies":[{"name":"wp","href":"https:\/\/api.w.org\/{rel}","templated":true}]}}