{"id":19091,"date":"2025-05-20T14:45:29","date_gmt":"2025-05-20T12:45:29","guid":{"rendered":"https:\/\/deberkel.info\/?p=19091"},"modified":"2025-05-20T14:48:39","modified_gmt":"2025-05-20T12:48:39","slug":"2025-eksursion-bilder-heinz-ohmann","status":"publish","type":"post","link":"https:\/\/deberkel.info\/de\/2025-eksursion-bilder-heinz-ohmann\/","title":{"rendered":"2025 Ekskursion Bilder Heinz \u00d6hmann"},"content":{"rendered":"<p>Sch\u00f6ne Bilder von Heinz \u00d6hmann der Ekskursion l\u00e4ngs der Berkel in Deutschland am 25. Mai 2025&nbsp;<\/p>\n<p>Clicke hierunter auf ein Bild und bl\u00e4tter durch die Sammlung oder clicke <a href=\"#Onderaan\">unten<\/a> auf die Taste &#8222;Diavoorstelling Tonen&#8220;<\/p>\nngg_shortcode_0_placeholder\n<div id=\"Onderaan\">&nbsp;<\/div>\n","protected":false},"excerpt":{"rendered":"<p>Sch\u00f6ne Bilder von Heinz \u00d6hmann der Ekskursion l\u00e4ngs der Berkel in Deutschland am 25. Mai 2025\u00a0 <a href=\"https:\/\/deberkel.info\/de\/2025-eksursion-bilder-heinz-ohmann\/\">Weiterlesen <span class=\"meta-nav\">&rarr;<\/span><\/a><\/p>\n","protected":false},"author":1,"featured_media":19084,"comment_status":"closed","ping_status":"closed","sticky":false,"template":"","format":"standard","meta":{"_exactmetrics_skip_tracking":false,"_exactmetrics_sitenote_active":false,"_exactmetrics_sitenote_note":"","_exactmetrics_sitenote_category":0,"ngg_post_thumbnail":0,"_locale":"de_DE","_original_post":"https:\/\/deberkel.info\/?p=19010","footnotes":"","_links_to":"","_links_to_target":""},"categories":[55],"tags":[],"class_list":["post-19091","post","type-post","status-publish","format-standard","has-post-thumbnail","hentry","category-geen-categorie-nl","de-DE"],"yoast_head":"<!-- This site is optimized with the Yoast SEO plugin v27.5 - https:\/\/yoast.com\/product\/yoast-seo-wordpress\/ -->\n<title>2025 Ekskursion Bilder Heinz \u00d6hmann - Berkel Info<\/title>\n<meta name=\"description\" content=\"Sch\u00f6ne Bilder von Heinz \u00d6hmann der Ekskursion l\u00e4ngs der Berkel in Deutschland am 25. Mai 2025\u00a0\" \/>\n<meta name=\"robots\" content=\"index, follow, max-snippet:-1, max-image-preview:large, max-video-preview:-1\" \/>\n<link rel=\"canonical\" href=\"https:\/\/deberkel.info\/de\/2025-eksursion-bilder-heinz-ohmann\/\" \/>\n<meta property=\"og:locale\" content=\"de_DE\" \/>\n<meta property=\"og:type\" content=\"article\" \/>\n<meta property=\"og:title\" content=\"2025 Ekskursion Bilder Heinz \u00d6hmann - Berkel Info\" \/>\n<meta property=\"og:description\" content=\"Sch\u00f6ne Bilder von Heinz \u00d6hmann der Ekskursion l\u00e4ngs der Berkel in Deutschland am 25. Mai 2025\u00a0\" \/>\n<meta property=\"og:url\" content=\"https:\/\/deberkel.info\/de\/2025-eksursion-bilder-heinz-ohmann\/\" \/>\n<meta property=\"og:site_name\" content=\"Berkel Info\" \/>\n<meta property=\"article:published_time\" content=\"2025-05-20T12:45:29+00:00\" \/>\n<meta property=\"article:modified_time\" content=\"2025-05-20T12:48:39+00:00\" \/>\n<meta property=\"og:image\" content=\"https:\/\/deberkel.info\/wp-content\/uploads\/2025\/05\/20250516_182436-IMG_3279-1200.jpg\" \/>\n\t<meta property=\"og:image:width\" content=\"1200\" \/>\n\t<meta property=\"og:image:height\" content=\"800\" \/>\n\t<meta property=\"og:image:type\" content=\"image\/jpeg\" \/>\n<meta name=\"author\" content=\"berkelcompagnie\" \/>\n<meta name=\"twitter:card\" content=\"summary_large_image\" \/>\n<meta name=\"twitter:label1\" content=\"Verfasst von\" \/>\n\t<meta name=\"twitter:data1\" content=\"berkelcompagnie\" \/>\n\t<meta name=\"twitter:label2\" content=\"Gesch\u00e4tzte Lesezeit\" \/>\n\t<meta name=\"twitter:data2\" content=\"1\u00a0Minute\" \/>\n<script type=\"application\/ld+json\" class=\"yoast-schema-graph\">{\"@context\":\"https:\\\/\\\/schema.org\",\"@graph\":[{\"@type\":\"Article\",\"@id\":\"https:\\\/\\\/deberkel.info\\\/de\\\/2025-eksursion-bilder-heinz-ohmann\\\/#article\",\"isPartOf\":{\"@id\":\"https:\\\/\\\/deberkel.info\\\/de\\\/2025-eksursion-bilder-heinz-ohmann\\\/\"},\"author\":{\"name\":\"berkelcompagnie\",\"@id\":\"https:\\\/\\\/deberkel.info\\\/#\\\/schema\\\/person\\\/68626cffa2cc89382550cfe49c51a4f8\"},\"headline\":\"2025 Ekskursion Bilder Heinz \u00d6hmann\",\"datePublished\":\"2025-05-20T12:45:29+00:00\",\"dateModified\":\"2025-05-20T12:48:39+00:00\",\"mainEntityOfPage\":{\"@id\":\"https:\\\/\\\/deberkel.info\\\/de\\\/2025-eksursion-bilder-heinz-ohmann\\\/\"},\"wordCount\":52,\"image\":{\"@id\":\"https:\\\/\\\/deberkel.info\\\/de\\\/2025-eksursion-bilder-heinz-ohmann\\\/#primaryimage\"},\"thumbnailUrl\":\"https:\\\/\\\/deberkel.info\\\/wp-content\\\/uploads\\\/2025\\\/05\\\/20250516_182436-IMG_3279-1200.jpg\",\"articleSection\":[\"Keine Kategorie\"],\"inLanguage\":\"de\"},{\"@type\":\"WebPage\",\"@id\":\"https:\\\/\\\/deberkel.info\\\/de\\\/2025-eksursion-bilder-heinz-ohmann\\\/\",\"url\":\"https:\\\/\\\/deberkel.info\\\/de\\\/2025-eksursion-bilder-heinz-ohmann\\\/\",\"name\":\"2025 Ekskursion Bilder Heinz \u00d6hmann - Berkel Info\",\"isPartOf\":{\"@id\":\"https:\\\/\\\/deberkel.info\\\/#website\"},\"primaryImageOfPage\":{\"@id\":\"https:\\\/\\\/deberkel.info\\\/de\\\/2025-eksursion-bilder-heinz-ohmann\\\/#primaryimage\"},\"image\":{\"@id\":\"https:\\\/\\\/deberkel.info\\\/de\\\/2025-eksursion-bilder-heinz-ohmann\\\/#primaryimage\"},\"thumbnailUrl\":\"https:\\\/\\\/deberkel.info\\\/wp-content\\\/uploads\\\/2025\\\/05\\\/20250516_182436-IMG_3279-1200.jpg\",\"datePublished\":\"2025-05-20T12:45:29+00:00\",\"dateModified\":\"2025-05-20T12:48:39+00:00\",\"author\":{\"@id\":\"https:\\\/\\\/deberkel.info\\\/#\\\/schema\\\/person\\\/68626cffa2cc89382550cfe49c51a4f8\"},\"description\":\"Sch\u00f6ne Bilder von Heinz \u00d6hmann der Ekskursion l\u00e4ngs der Berkel in Deutschland am 25. Mai 2025\u00a0\",\"breadcrumb\":{\"@id\":\"https:\\\/\\\/deberkel.info\\\/de\\\/2025-eksursion-bilder-heinz-ohmann\\\/#breadcrumb\"},\"inLanguage\":\"de\",\"potentialAction\":[{\"@type\":\"ReadAction\",\"target\":[\"https:\\\/\\\/deberkel.info\\\/de\\\/2025-eksursion-bilder-heinz-ohmann\\\/\"]}]},{\"@type\":\"ImageObject\",\"inLanguage\":\"de\",\"@id\":\"https:\\\/\\\/deberkel.info\\\/de\\\/2025-eksursion-bilder-heinz-ohmann\\\/#primaryimage\",\"url\":\"https:\\\/\\\/deberkel.info\\\/wp-content\\\/uploads\\\/2025\\\/05\\\/20250516_182436-IMG_3279-1200.jpg\",\"contentUrl\":\"https:\\\/\\\/deberkel.info\\\/wp-content\\\/uploads\\\/2025\\\/05\\\/20250516_182436-IMG_3279-1200.jpg\",\"width\":1200,\"height\":800},{\"@type\":\"BreadcrumbList\",\"@id\":\"https:\\\/\\\/deberkel.info\\\/de\\\/2025-eksursion-bilder-heinz-ohmann\\\/#breadcrumb\",\"itemListElement\":[{\"@type\":\"ListItem\",\"position\":1,\"name\":\"Home\",\"item\":\"https:\\\/\\\/deberkel.info\\\/de\\\/\"},{\"@type\":\"ListItem\",\"position\":2,\"name\":\"2025 Ekskursion Bilder Heinz \u00d6hmann\"}]},{\"@type\":\"WebSite\",\"@id\":\"https:\\\/\\\/deberkel.info\\\/#website\",\"url\":\"https:\\\/\\\/deberkel.info\\\/\",\"name\":\"Berkel Info\",\"description\":\"Alles over de Berkel en het Berkeldal, van Billerbeck tot Zutphen\",\"potentialAction\":[{\"@type\":\"SearchAction\",\"target\":{\"@type\":\"EntryPoint\",\"urlTemplate\":\"https:\\\/\\\/deberkel.info\\\/?s={search_term_string}\"},\"query-input\":{\"@type\":\"PropertyValueSpecification\",\"valueRequired\":true,\"valueName\":\"search_term_string\"}}],\"inLanguage\":\"de\"},{\"@type\":\"Person\",\"@id\":\"https:\\\/\\\/deberkel.info\\\/#\\\/schema\\\/person\\\/68626cffa2cc89382550cfe49c51a4f8\",\"name\":\"berkelcompagnie\",\"image\":{\"@type\":\"ImageObject\",\"inLanguage\":\"de\",\"@id\":\"https:\\\/\\\/secure.gravatar.com\\\/avatar\\\/6307c78d195e52619e6aab2303285d5038a965465385ad25ab0f683cf59b649e?s=96&d=mm&r=g\",\"url\":\"https:\\\/\\\/secure.gravatar.com\\\/avatar\\\/6307c78d195e52619e6aab2303285d5038a965465385ad25ab0f683cf59b649e?s=96&d=mm&r=g\",\"contentUrl\":\"https:\\\/\\\/secure.gravatar.com\\\/avatar\\\/6307c78d195e52619e6aab2303285d5038a965465385ad25ab0f683cf59b649e?s=96&d=mm&r=g\",\"caption\":\"berkelcompagnie\"}}]}<\/script>\n<!-- \/ Yoast SEO plugin. -->","yoast_head_json":{"title":"2025 Ekskursion Bilder Heinz \u00d6hmann - Berkel Info","description":"Sch\u00f6ne Bilder von Heinz \u00d6hmann der Ekskursion l\u00e4ngs der Berkel in Deutschland am 25. Mai 2025\u00a0","robots":{"index":"index","follow":"follow","max-snippet":"max-snippet:-1","max-image-preview":"max-image-preview:large","max-video-preview":"max-video-preview:-1"},"canonical":"https:\/\/deberkel.info\/de\/2025-eksursion-bilder-heinz-ohmann\/","og_locale":"de_DE","og_type":"article","og_title":"2025 Ekskursion Bilder Heinz \u00d6hmann - Berkel Info","og_description":"Sch\u00f6ne Bilder von Heinz \u00d6hmann der Ekskursion l\u00e4ngs der Berkel in Deutschland am 25. Mai 2025\u00a0","og_url":"https:\/\/deberkel.info\/de\/2025-eksursion-bilder-heinz-ohmann\/","og_site_name":"Berkel Info","article_published_time":"2025-05-20T12:45:29+00:00","article_modified_time":"2025-05-20T12:48:39+00:00","og_image":[{"width":1200,"height":800,"url":"https:\/\/deberkel.info\/wp-content\/uploads\/2025\/05\/20250516_182436-IMG_3279-1200.jpg","type":"image\/jpeg"}],"author":"berkelcompagnie","twitter_card":"summary_large_image","twitter_misc":{"Verfasst von":"berkelcompagnie","Gesch\u00e4tzte Lesezeit":"1\u00a0Minute"},"schema":{"@context":"https:\/\/schema.org","@graph":[{"@type":"Article","@id":"https:\/\/deberkel.info\/de\/2025-eksursion-bilder-heinz-ohmann\/#article","isPartOf":{"@id":"https:\/\/deberkel.info\/de\/2025-eksursion-bilder-heinz-ohmann\/"},"author":{"name":"berkelcompagnie","@id":"https:\/\/deberkel.info\/#\/schema\/person\/68626cffa2cc89382550cfe49c51a4f8"},"headline":"2025 Ekskursion Bilder Heinz \u00d6hmann","datePublished":"2025-05-20T12:45:29+00:00","dateModified":"2025-05-20T12:48:39+00:00","mainEntityOfPage":{"@id":"https:\/\/deberkel.info\/de\/2025-eksursion-bilder-heinz-ohmann\/"},"wordCount":52,"image":{"@id":"https:\/\/deberkel.info\/de\/2025-eksursion-bilder-heinz-ohmann\/#primaryimage"},"thumbnailUrl":"https:\/\/deberkel.info\/wp-content\/uploads\/2025\/05\/20250516_182436-IMG_3279-1200.jpg","articleSection":["Keine Kategorie"],"inLanguage":"de"},{"@type":"WebPage","@id":"https:\/\/deberkel.info\/de\/2025-eksursion-bilder-heinz-ohmann\/","url":"https:\/\/deberkel.info\/de\/2025-eksursion-bilder-heinz-ohmann\/","name":"2025 Ekskursion Bilder Heinz \u00d6hmann - Berkel Info","isPartOf":{"@id":"https:\/\/deberkel.info\/#website"},"primaryImageOfPage":{"@id":"https:\/\/deberkel.info\/de\/2025-eksursion-bilder-heinz-ohmann\/#primaryimage"},"image":{"@id":"https:\/\/deberkel.info\/de\/2025-eksursion-bilder-heinz-ohmann\/#primaryimage"},"thumbnailUrl":"https:\/\/deberkel.info\/wp-content\/uploads\/2025\/05\/20250516_182436-IMG_3279-1200.jpg","datePublished":"2025-05-20T12:45:29+00:00","dateModified":"2025-05-20T12:48:39+00:00","author":{"@id":"https:\/\/deberkel.info\/#\/schema\/person\/68626cffa2cc89382550cfe49c51a4f8"},"description":"Sch\u00f6ne Bilder von Heinz \u00d6hmann der Ekskursion l\u00e4ngs der Berkel in Deutschland am 25. Mai 2025\u00a0","breadcrumb":{"@id":"https:\/\/deberkel.info\/de\/2025-eksursion-bilder-heinz-ohmann\/#breadcrumb"},"inLanguage":"de","potentialAction":[{"@type":"ReadAction","target":["https:\/\/deberkel.info\/de\/2025-eksursion-bilder-heinz-ohmann\/"]}]},{"@type":"ImageObject","inLanguage":"de","@id":"https:\/\/deberkel.info\/de\/2025-eksursion-bilder-heinz-ohmann\/#primaryimage","url":"https:\/\/deberkel.info\/wp-content\/uploads\/2025\/05\/20250516_182436-IMG_3279-1200.jpg","contentUrl":"https:\/\/deberkel.info\/wp-content\/uploads\/2025\/05\/20250516_182436-IMG_3279-1200.jpg","width":1200,"height":800},{"@type":"BreadcrumbList","@id":"https:\/\/deberkel.info\/de\/2025-eksursion-bilder-heinz-ohmann\/#breadcrumb","itemListElement":[{"@type":"ListItem","position":1,"name":"Home","item":"https:\/\/deberkel.info\/de\/"},{"@type":"ListItem","position":2,"name":"2025 Ekskursion Bilder Heinz \u00d6hmann"}]},{"@type":"WebSite","@id":"https:\/\/deberkel.info\/#website","url":"https:\/\/deberkel.info\/","name":"Berkel Info","description":"Alles over de Berkel en het Berkeldal, van Billerbeck tot Zutphen","potentialAction":[{"@type":"SearchAction","target":{"@type":"EntryPoint","urlTemplate":"https:\/\/deberkel.info\/?s={search_term_string}"},"query-input":{"@type":"PropertyValueSpecification","valueRequired":true,"valueName":"search_term_string"}}],"inLanguage":"de"},{"@type":"Person","@id":"https:\/\/deberkel.info\/#\/schema\/person\/68626cffa2cc89382550cfe49c51a4f8","name":"berkelcompagnie","image":{"@type":"ImageObject","inLanguage":"de","@id":"https:\/\/secure.gravatar.com\/avatar\/6307c78d195e52619e6aab2303285d5038a965465385ad25ab0f683cf59b649e?s=96&d=mm&r=g","url":"https:\/\/secure.gravatar.com\/avatar\/6307c78d195e52619e6aab2303285d5038a965465385ad25ab0f683cf59b649e?s=96&d=mm&r=g","contentUrl":"https:\/\/secure.gravatar.com\/avatar\/6307c78d195e52619e6aab2303285d5038a965465385ad25ab0f683cf59b649e?s=96&d=mm&r=g","caption":"berkelcompagnie"}}]}},"rttpg_featured_image_url":{"full":["https:\/\/deberkel.info\/wp-content\/uploads\/2025\/05\/20250516_182436-IMG_3279-1200.jpg",1200,800,false],"landscape":["https:\/\/deberkel.info\/wp-content\/uploads\/2025\/05\/20250516_182436-IMG_3279-1200.jpg",1200,800,false],"portraits":["https:\/\/deberkel.info\/wp-content\/uploads\/2025\/05\/20250516_182436-IMG_3279-1200.jpg",1200,800,false],"thumbnail":["https:\/\/deberkel.info\/wp-content\/uploads\/2025\/05\/20250516_182436-IMG_3279-1200-150x150.jpg",150,150,true],"medium":["https:\/\/deberkel.info\/wp-content\/uploads\/2025\/05\/20250516_182436-IMG_3279-1200-300x200.jpg",300,200,true],"large":["https:\/\/deberkel.info\/wp-content\/uploads\/2025\/05\/20250516_182436-IMG_3279-1200-1024x683.jpg",584,390,true],"1536x1536":["https:\/\/deberkel.info\/wp-content\/uploads\/2025\/05\/20250516_182436-IMG_3279-1200.jpg",1200,800,false],"2048x2048":["https:\/\/deberkel.info\/wp-content\/uploads\/2025\/05\/20250516_182436-IMG_3279-1200.jpg",1200,800,false],"post-thumbnail":["https:\/\/deberkel.info\/wp-content\/uploads\/2025\/05\/20250516_182436-IMG_3279-1200-1000x288.jpg",1000,288,true],"large-feature":["https:\/\/deberkel.info\/wp-content\/uploads\/2025\/05\/20250516_182436-IMG_3279-1200-1000x288.jpg",1000,288,true],"small-feature":["https:\/\/deberkel.info\/wp-content\/uploads\/2025\/05\/20250516_182436-IMG_3279-1200-450x300.jpg",450,300,true]},"rttpg_author":{"display_name":"berkelcompagnie","author_link":"https:\/\/deberkel.info\/author\/berkelcompagnie\/"},"rttpg_comment":0,"rttpg_category":"<a href=\"https:\/\/deberkel.info\/de\/geen-categorie-nl\/\" rel=\"category tag\">Keine Kategorie<\/a>","rttpg_excerpt":"Sch\u00f6ne Bilder von Heinz \u00d6hmann der Ekskursion l\u00e4ngs der Berkel in Deutschland am 25. Mai 2025\u00a0 Weiterlesen &rarr;","_links":{"self":[{"href":"https:\/\/deberkel.info\/wp-json\/wp\/v2\/posts\/19091","targetHints":{"allow":["GET"]}}],"collection":[{"href":"https:\/\/deberkel.info\/wp-json\/wp\/v2\/posts"}],"about":[{"href":"https:\/\/deberkel.info\/wp-json\/wp\/v2\/types\/post"}],"author":[{"embeddable":true,"href":"https:\/\/deberkel.info\/wp-json\/wp\/v2\/users\/1"}],"replies":[{"embeddable":true,"href":"https:\/\/deberkel.info\/wp-json\/wp\/v2\/comments?post=19091"}],"version-history":[{"count":3,"href":"https:\/\/deberkel.info\/wp-json\/wp\/v2\/posts\/19091\/revisions"}],"predecessor-version":[{"id":19094,"href":"https:\/\/deberkel.info\/wp-json\/wp\/v2\/posts\/19091\/revisions\/19094"}],"wp:featuredmedia":[{"embeddable":true,"href":"https:\/\/deberkel.info\/wp-json\/wp\/v2\/media\/19084"}],"wp:attachment":[{"href":"https:\/\/deberkel.info\/wp-json\/wp\/v2\/media?parent=19091"}],"wp:term":[{"taxonomy":"category","embeddable":true,"href":"https:\/\/deberkel.info\/wp-json\/wp\/v2\/categories?post=19091"},{"taxonomy":"post_tag","embeddable":true,"href":"https:\/\/deberkel.info\/wp-json\/wp\/v2\/tags?post=19091"}],"curies":[{"name":"wp","href":"https:\/\/api.w.org\/{rel}","templated":true}]}}