{"id":4323,"date":"2018-05-01T18:00:52","date_gmt":"2018-05-01T18:00:52","guid":{"rendered":"http:\/\/deberkel.info\/?p=4323"},"modified":"2019-01-17T20:23:33","modified_gmt":"2019-01-17T20:23:33","slug":"handfaehre-ueber-die-berkel-in-rekken","status":"publish","type":"post","link":"https:\/\/deberkel.info\/de\/handfaehre-ueber-die-berkel-in-rekken\/","title":{"rendered":"Handf\u00e4hre \u00fcber die Berkel in Rekken"},"content":{"rendered":"<p><a href=\"#top\"><img loading=\"lazy\" decoding=\"async\" class=\"alignright wp-image-4253\" style=\"border-style: none; width: 30px; height: 29px;\" src=\"\/wp-content\/uploads\/2018\/04\/PijlOmhoog2.png\" alt=\"Top\" width=\"30\" height=\"29\"><\/a>Die Gemeinde Berkelland, Stiftung &#8218;Achterhoek Toerisme&#8216; und &#8218;Waterschap Rijn en IJssel&#8216; haben zusammengearbeitet in der Realisierung einer Handf\u00e4hre \u00fcber die Berkel in Rekken bei der &#8218;Zandvang&#8216;.<br \/>\nDienstag 1 Mai 2018 ist es ge\u00f6ffnet worden meldet &#8218;<a href=\"http:\/\/www.achterhoek.nl\" target=\"_blank\" rel=\"noopener\">Achterhoek Toerisme<\/a>&#8218; auf Facebook:<\/p>\n<p><iframe loading=\"lazy\" style=\"border: none; overflow: hidden;\" src=\"https:\/\/www.facebook.com\/plugins\/post.php?href=https%3A%2F%2Fwww.facebook.com%2Fachterhoektoerisme%2Fposts%2F1758902974147873&amp;width=500\" width=\"500\" height=\"565\" frameborder=\"0\" scrolling=\"no\"><\/iframe><\/p>\n","protected":false},"excerpt":{"rendered":"<p>Die Gemeinde Berkelland, Stiftung &#8218;Achterhoek Toerisme&#8216; und &#8218;Waterschap Rijn en IJssel&#8216; haben zusammengearbeitet in der Realisierung einer Handf\u00e4hre \u00fcber die Berkel in Rekken bei der &#8218;Zandvang&#8216;. Dienstag 1 Mai 2018 ist es ge\u00f6ffnet worden meldet &#8218;Achterhoek Toerisme&#8218; auf Facebook:<\/p>\n","protected":false},"author":1,"featured_media":5237,"comment_status":"closed","ping_status":"closed","sticky":false,"template":"","format":"standard","meta":{"_exactmetrics_skip_tracking":false,"_exactmetrics_sitenote_active":false,"_exactmetrics_sitenote_note":"","_exactmetrics_sitenote_category":0,"ngg_post_thumbnail":0,"_locale":"de_DE","_original_post":"4320","footnotes":"","_links_to":"","_links_to_target":""},"categories":[7],"tags":[],"class_list":["post-4323","post","type-post","status-publish","format-standard","has-post-thumbnail","hentry","category-nieuws","de-DE"],"yoast_head":"<!-- This site is optimized with the Yoast SEO plugin v27.5 - https:\/\/yoast.com\/product\/yoast-seo-wordpress\/ -->\n<title>Handf\u00e4hre \u00fcber die Berkel in Rekken - Berkel Info<\/title>\n<meta name=\"robots\" content=\"index, follow, max-snippet:-1, max-image-preview:large, max-video-preview:-1\" \/>\n<link rel=\"canonical\" href=\"https:\/\/deberkel.info\/de\/handfaehre-ueber-die-berkel-in-rekken\/\" \/>\n<meta property=\"og:locale\" content=\"de_DE\" \/>\n<meta property=\"og:type\" content=\"article\" \/>\n<meta property=\"og:title\" content=\"Handf\u00e4hre \u00fcber die Berkel in Rekken - Berkel Info\" \/>\n<meta property=\"og:description\" content=\"Die Gemeinde Berkelland, Stiftung &#8218;Achterhoek Toerisme&#8216; und &#8218;Waterschap Rijn en IJssel&#8216; haben zusammengearbeitet in der Realisierung einer Handf\u00e4hre \u00fcber die Berkel in Rekken bei der &#8218;Zandvang&#8216;. Dienstag 1 Mai 2018 ist es ge\u00f6ffnet worden meldet &#8218;Achterhoek Toerisme&#8218; auf Facebook:\" \/>\n<meta property=\"og:url\" content=\"https:\/\/deberkel.info\/de\/handfaehre-ueber-die-berkel-in-rekken\/\" \/>\n<meta property=\"og:site_name\" content=\"Berkel Info\" \/>\n<meta property=\"article:published_time\" content=\"2018-05-01T18:00:52+00:00\" \/>\n<meta property=\"article:modified_time\" content=\"2019-01-17T20:23:33+00:00\" \/>\n<meta property=\"og:image\" content=\"https:\/\/deberkel.info\/wp-content\/uploads\/2018\/05\/TrekveerRekkenOpening.jpg\" \/>\n\t<meta property=\"og:image:width\" content=\"1200\" \/>\n\t<meta property=\"og:image:height\" content=\"800\" \/>\n\t<meta property=\"og:image:type\" content=\"image\/jpeg\" \/>\n<meta name=\"author\" content=\"berkelcompagnie\" \/>\n<meta name=\"twitter:card\" content=\"summary_large_image\" \/>\n<meta name=\"twitter:label1\" content=\"Verfasst von\" \/>\n\t<meta name=\"twitter:data1\" content=\"berkelcompagnie\" \/>\n<script type=\"application\/ld+json\" class=\"yoast-schema-graph\">{\"@context\":\"https:\\\/\\\/schema.org\",\"@graph\":[{\"@type\":\"Article\",\"@id\":\"https:\\\/\\\/deberkel.info\\\/de\\\/handfaehre-ueber-die-berkel-in-rekken\\\/#article\",\"isPartOf\":{\"@id\":\"https:\\\/\\\/deberkel.info\\\/de\\\/handfaehre-ueber-die-berkel-in-rekken\\\/\"},\"author\":{\"name\":\"berkelcompagnie\",\"@id\":\"https:\\\/\\\/deberkel.info\\\/#\\\/schema\\\/person\\\/68626cffa2cc89382550cfe49c51a4f8\"},\"headline\":\"Handf\u00e4hre \u00fcber die Berkel in Rekken\",\"datePublished\":\"2018-05-01T18:00:52+00:00\",\"dateModified\":\"2019-01-17T20:23:33+00:00\",\"mainEntityOfPage\":{\"@id\":\"https:\\\/\\\/deberkel.info\\\/de\\\/handfaehre-ueber-die-berkel-in-rekken\\\/\"},\"wordCount\":46,\"image\":{\"@id\":\"https:\\\/\\\/deberkel.info\\\/de\\\/handfaehre-ueber-die-berkel-in-rekken\\\/#primaryimage\"},\"thumbnailUrl\":\"https:\\\/\\\/deberkel.info\\\/wp-content\\\/uploads\\\/2018\\\/05\\\/TrekveerRekkenOpening.jpg\",\"articleSection\":[\"Titelseite Nachrichten\"],\"inLanguage\":\"de\"},{\"@type\":\"WebPage\",\"@id\":\"https:\\\/\\\/deberkel.info\\\/de\\\/handfaehre-ueber-die-berkel-in-rekken\\\/\",\"url\":\"https:\\\/\\\/deberkel.info\\\/de\\\/handfaehre-ueber-die-berkel-in-rekken\\\/\",\"name\":\"Handf\u00e4hre \u00fcber die Berkel in Rekken - Berkel Info\",\"isPartOf\":{\"@id\":\"https:\\\/\\\/deberkel.info\\\/#website\"},\"primaryImageOfPage\":{\"@id\":\"https:\\\/\\\/deberkel.info\\\/de\\\/handfaehre-ueber-die-berkel-in-rekken\\\/#primaryimage\"},\"image\":{\"@id\":\"https:\\\/\\\/deberkel.info\\\/de\\\/handfaehre-ueber-die-berkel-in-rekken\\\/#primaryimage\"},\"thumbnailUrl\":\"https:\\\/\\\/deberkel.info\\\/wp-content\\\/uploads\\\/2018\\\/05\\\/TrekveerRekkenOpening.jpg\",\"datePublished\":\"2018-05-01T18:00:52+00:00\",\"dateModified\":\"2019-01-17T20:23:33+00:00\",\"author\":{\"@id\":\"https:\\\/\\\/deberkel.info\\\/#\\\/schema\\\/person\\\/68626cffa2cc89382550cfe49c51a4f8\"},\"breadcrumb\":{\"@id\":\"https:\\\/\\\/deberkel.info\\\/de\\\/handfaehre-ueber-die-berkel-in-rekken\\\/#breadcrumb\"},\"inLanguage\":\"de\",\"potentialAction\":[{\"@type\":\"ReadAction\",\"target\":[\"https:\\\/\\\/deberkel.info\\\/de\\\/handfaehre-ueber-die-berkel-in-rekken\\\/\"]}]},{\"@type\":\"ImageObject\",\"inLanguage\":\"de\",\"@id\":\"https:\\\/\\\/deberkel.info\\\/de\\\/handfaehre-ueber-die-berkel-in-rekken\\\/#primaryimage\",\"url\":\"https:\\\/\\\/deberkel.info\\\/wp-content\\\/uploads\\\/2018\\\/05\\\/TrekveerRekkenOpening.jpg\",\"contentUrl\":\"https:\\\/\\\/deberkel.info\\\/wp-content\\\/uploads\\\/2018\\\/05\\\/TrekveerRekkenOpening.jpg\",\"width\":1200,\"height\":800},{\"@type\":\"BreadcrumbList\",\"@id\":\"https:\\\/\\\/deberkel.info\\\/de\\\/handfaehre-ueber-die-berkel-in-rekken\\\/#breadcrumb\",\"itemListElement\":[{\"@type\":\"ListItem\",\"position\":1,\"name\":\"Home\",\"item\":\"https:\\\/\\\/deberkel.info\\\/de\\\/\"},{\"@type\":\"ListItem\",\"position\":2,\"name\":\"Handf\u00e4hre \u00fcber die Berkel in Rekken\"}]},{\"@type\":\"WebSite\",\"@id\":\"https:\\\/\\\/deberkel.info\\\/#website\",\"url\":\"https:\\\/\\\/deberkel.info\\\/\",\"name\":\"Berkel Info\",\"description\":\"Alles over de Berkel en het Berkeldal, van Billerbeck tot Zutphen\",\"potentialAction\":[{\"@type\":\"SearchAction\",\"target\":{\"@type\":\"EntryPoint\",\"urlTemplate\":\"https:\\\/\\\/deberkel.info\\\/?s={search_term_string}\"},\"query-input\":{\"@type\":\"PropertyValueSpecification\",\"valueRequired\":true,\"valueName\":\"search_term_string\"}}],\"inLanguage\":\"de\"},{\"@type\":\"Person\",\"@id\":\"https:\\\/\\\/deberkel.info\\\/#\\\/schema\\\/person\\\/68626cffa2cc89382550cfe49c51a4f8\",\"name\":\"berkelcompagnie\",\"image\":{\"@type\":\"ImageObject\",\"inLanguage\":\"de\",\"@id\":\"https:\\\/\\\/secure.gravatar.com\\\/avatar\\\/6307c78d195e52619e6aab2303285d5038a965465385ad25ab0f683cf59b649e?s=96&d=mm&r=g\",\"url\":\"https:\\\/\\\/secure.gravatar.com\\\/avatar\\\/6307c78d195e52619e6aab2303285d5038a965465385ad25ab0f683cf59b649e?s=96&d=mm&r=g\",\"contentUrl\":\"https:\\\/\\\/secure.gravatar.com\\\/avatar\\\/6307c78d195e52619e6aab2303285d5038a965465385ad25ab0f683cf59b649e?s=96&d=mm&r=g\",\"caption\":\"berkelcompagnie\"}}]}<\/script>\n<!-- \/ Yoast SEO plugin. -->","yoast_head_json":{"title":"Handf\u00e4hre \u00fcber die Berkel in Rekken - Berkel Info","robots":{"index":"index","follow":"follow","max-snippet":"max-snippet:-1","max-image-preview":"max-image-preview:large","max-video-preview":"max-video-preview:-1"},"canonical":"https:\/\/deberkel.info\/de\/handfaehre-ueber-die-berkel-in-rekken\/","og_locale":"de_DE","og_type":"article","og_title":"Handf\u00e4hre \u00fcber die Berkel in Rekken - Berkel Info","og_description":"Die Gemeinde Berkelland, Stiftung &#8218;Achterhoek Toerisme&#8216; und &#8218;Waterschap Rijn en IJssel&#8216; haben zusammengearbeitet in der Realisierung einer Handf\u00e4hre \u00fcber die Berkel in Rekken bei der &#8218;Zandvang&#8216;. Dienstag 1 Mai 2018 ist es ge\u00f6ffnet worden meldet &#8218;Achterhoek Toerisme&#8218; auf Facebook:","og_url":"https:\/\/deberkel.info\/de\/handfaehre-ueber-die-berkel-in-rekken\/","og_site_name":"Berkel Info","article_published_time":"2018-05-01T18:00:52+00:00","article_modified_time":"2019-01-17T20:23:33+00:00","og_image":[{"width":1200,"height":800,"url":"https:\/\/deberkel.info\/wp-content\/uploads\/2018\/05\/TrekveerRekkenOpening.jpg","type":"image\/jpeg"}],"author":"berkelcompagnie","twitter_card":"summary_large_image","twitter_misc":{"Verfasst von":"berkelcompagnie"},"schema":{"@context":"https:\/\/schema.org","@graph":[{"@type":"Article","@id":"https:\/\/deberkel.info\/de\/handfaehre-ueber-die-berkel-in-rekken\/#article","isPartOf":{"@id":"https:\/\/deberkel.info\/de\/handfaehre-ueber-die-berkel-in-rekken\/"},"author":{"name":"berkelcompagnie","@id":"https:\/\/deberkel.info\/#\/schema\/person\/68626cffa2cc89382550cfe49c51a4f8"},"headline":"Handf\u00e4hre \u00fcber die Berkel in Rekken","datePublished":"2018-05-01T18:00:52+00:00","dateModified":"2019-01-17T20:23:33+00:00","mainEntityOfPage":{"@id":"https:\/\/deberkel.info\/de\/handfaehre-ueber-die-berkel-in-rekken\/"},"wordCount":46,"image":{"@id":"https:\/\/deberkel.info\/de\/handfaehre-ueber-die-berkel-in-rekken\/#primaryimage"},"thumbnailUrl":"https:\/\/deberkel.info\/wp-content\/uploads\/2018\/05\/TrekveerRekkenOpening.jpg","articleSection":["Titelseite Nachrichten"],"inLanguage":"de"},{"@type":"WebPage","@id":"https:\/\/deberkel.info\/de\/handfaehre-ueber-die-berkel-in-rekken\/","url":"https:\/\/deberkel.info\/de\/handfaehre-ueber-die-berkel-in-rekken\/","name":"Handf\u00e4hre \u00fcber die Berkel in Rekken - Berkel Info","isPartOf":{"@id":"https:\/\/deberkel.info\/#website"},"primaryImageOfPage":{"@id":"https:\/\/deberkel.info\/de\/handfaehre-ueber-die-berkel-in-rekken\/#primaryimage"},"image":{"@id":"https:\/\/deberkel.info\/de\/handfaehre-ueber-die-berkel-in-rekken\/#primaryimage"},"thumbnailUrl":"https:\/\/deberkel.info\/wp-content\/uploads\/2018\/05\/TrekveerRekkenOpening.jpg","datePublished":"2018-05-01T18:00:52+00:00","dateModified":"2019-01-17T20:23:33+00:00","author":{"@id":"https:\/\/deberkel.info\/#\/schema\/person\/68626cffa2cc89382550cfe49c51a4f8"},"breadcrumb":{"@id":"https:\/\/deberkel.info\/de\/handfaehre-ueber-die-berkel-in-rekken\/#breadcrumb"},"inLanguage":"de","potentialAction":[{"@type":"ReadAction","target":["https:\/\/deberkel.info\/de\/handfaehre-ueber-die-berkel-in-rekken\/"]}]},{"@type":"ImageObject","inLanguage":"de","@id":"https:\/\/deberkel.info\/de\/handfaehre-ueber-die-berkel-in-rekken\/#primaryimage","url":"https:\/\/deberkel.info\/wp-content\/uploads\/2018\/05\/TrekveerRekkenOpening.jpg","contentUrl":"https:\/\/deberkel.info\/wp-content\/uploads\/2018\/05\/TrekveerRekkenOpening.jpg","width":1200,"height":800},{"@type":"BreadcrumbList","@id":"https:\/\/deberkel.info\/de\/handfaehre-ueber-die-berkel-in-rekken\/#breadcrumb","itemListElement":[{"@type":"ListItem","position":1,"name":"Home","item":"https:\/\/deberkel.info\/de\/"},{"@type":"ListItem","position":2,"name":"Handf\u00e4hre \u00fcber die Berkel in Rekken"}]},{"@type":"WebSite","@id":"https:\/\/deberkel.info\/#website","url":"https:\/\/deberkel.info\/","name":"Berkel Info","description":"Alles over de Berkel en het Berkeldal, van Billerbeck tot Zutphen","potentialAction":[{"@type":"SearchAction","target":{"@type":"EntryPoint","urlTemplate":"https:\/\/deberkel.info\/?s={search_term_string}"},"query-input":{"@type":"PropertyValueSpecification","valueRequired":true,"valueName":"search_term_string"}}],"inLanguage":"de"},{"@type":"Person","@id":"https:\/\/deberkel.info\/#\/schema\/person\/68626cffa2cc89382550cfe49c51a4f8","name":"berkelcompagnie","image":{"@type":"ImageObject","inLanguage":"de","@id":"https:\/\/secure.gravatar.com\/avatar\/6307c78d195e52619e6aab2303285d5038a965465385ad25ab0f683cf59b649e?s=96&d=mm&r=g","url":"https:\/\/secure.gravatar.com\/avatar\/6307c78d195e52619e6aab2303285d5038a965465385ad25ab0f683cf59b649e?s=96&d=mm&r=g","contentUrl":"https:\/\/secure.gravatar.com\/avatar\/6307c78d195e52619e6aab2303285d5038a965465385ad25ab0f683cf59b649e?s=96&d=mm&r=g","caption":"berkelcompagnie"}}]}},"rttpg_featured_image_url":{"full":["https:\/\/deberkel.info\/wp-content\/uploads\/2018\/05\/TrekveerRekkenOpening.jpg",1200,800,false],"landscape":["https:\/\/deberkel.info\/wp-content\/uploads\/2018\/05\/TrekveerRekkenOpening.jpg",1200,800,false],"portraits":["https:\/\/deberkel.info\/wp-content\/uploads\/2018\/05\/TrekveerRekkenOpening.jpg",1200,800,false],"thumbnail":["https:\/\/deberkel.info\/wp-content\/uploads\/2018\/05\/TrekveerRekkenOpening-150x150.jpg",150,150,true],"medium":["https:\/\/deberkel.info\/wp-content\/uploads\/2018\/05\/TrekveerRekkenOpening-300x200.jpg",300,200,true],"large":["https:\/\/deberkel.info\/wp-content\/uploads\/2018\/05\/TrekveerRekkenOpening-1024x683.jpg",584,390,true],"1536x1536":["https:\/\/deberkel.info\/wp-content\/uploads\/2018\/05\/TrekveerRekkenOpening.jpg",1200,800,false],"2048x2048":["https:\/\/deberkel.info\/wp-content\/uploads\/2018\/05\/TrekveerRekkenOpening.jpg",1200,800,false],"post-thumbnail":["https:\/\/deberkel.info\/wp-content\/uploads\/2018\/05\/TrekveerRekkenOpening-1000x288.jpg",1000,288,true],"large-feature":["https:\/\/deberkel.info\/wp-content\/uploads\/2018\/05\/TrekveerRekkenOpening-1000x288.jpg",1000,288,true],"small-feature":["https:\/\/deberkel.info\/wp-content\/uploads\/2018\/05\/TrekveerRekkenOpening-450x300.jpg",450,300,true]},"rttpg_author":{"display_name":"berkelcompagnie","author_link":"https:\/\/deberkel.info\/author\/berkelcompagnie\/"},"rttpg_comment":0,"rttpg_category":"<a href=\"https:\/\/deberkel.info\/de\/nieuws\/\" rel=\"category tag\">Titelseite Nachrichten<\/a>","rttpg_excerpt":"Die Gemeinde Berkelland, Stiftung &#8218;Achterhoek Toerisme&#8216; und &#8218;Waterschap Rijn en IJssel&#8216; haben zusammengearbeitet in der Realisierung einer Handf\u00e4hre \u00fcber die Berkel in Rekken bei der &#8218;Zandvang&#8216;. Dienstag 1 Mai 2018 ist es ge\u00f6ffnet worden meldet &#8218;Achterhoek Toerisme&#8218; auf Facebook:","_links":{"self":[{"href":"https:\/\/deberkel.info\/wp-json\/wp\/v2\/posts\/4323","targetHints":{"allow":["GET"]}}],"collection":[{"href":"https:\/\/deberkel.info\/wp-json\/wp\/v2\/posts"}],"about":[{"href":"https:\/\/deberkel.info\/wp-json\/wp\/v2\/types\/post"}],"author":[{"embeddable":true,"href":"https:\/\/deberkel.info\/wp-json\/wp\/v2\/users\/1"}],"replies":[{"embeddable":true,"href":"https:\/\/deberkel.info\/wp-json\/wp\/v2\/comments?post=4323"}],"version-history":[{"count":7,"href":"https:\/\/deberkel.info\/wp-json\/wp\/v2\/posts\/4323\/revisions"}],"predecessor-version":[{"id":8562,"href":"https:\/\/deberkel.info\/wp-json\/wp\/v2\/posts\/4323\/revisions\/8562"}],"wp:featuredmedia":[{"embeddable":true,"href":"https:\/\/deberkel.info\/wp-json\/wp\/v2\/media\/5237"}],"wp:attachment":[{"href":"https:\/\/deberkel.info\/wp-json\/wp\/v2\/media?parent=4323"}],"wp:term":[{"taxonomy":"category","embeddable":true,"href":"https:\/\/deberkel.info\/wp-json\/wp\/v2\/categories?post=4323"},{"taxonomy":"post_tag","embeddable":true,"href":"https:\/\/deberkel.info\/wp-json\/wp\/v2\/tags?post=4323"}],"curies":[{"name":"wp","href":"https:\/\/api.w.org\/{rel}","templated":true}]}}