{"id":8414,"date":"2018-12-21T21:18:49","date_gmt":"2018-12-21T21:18:49","guid":{"rendered":"http:\/\/deberkel.info\/?p=8414"},"modified":"2019-01-24T16:40:06","modified_gmt":"2019-01-24T16:40:06","slug":"de-berkel-de-baas-schone-film-uber-die-3-berkelverbesserung-in-1965-1968","status":"publish","type":"post","link":"https:\/\/deberkel.info\/de\/de-berkel-de-baas-schone-film-uber-die-3-berkelverbesserung-in-1965-1968\/","title":{"rendered":"&#8218;De Berkel de baas&#8216;: sch\u00f6ne Film \u00fcber die 3. Berkelverbesserung in 1965 \/ 1968"},"content":{"rendered":"<p><a href=\"\/de-3-berkelverbeteringen-1893-1977\/#BerkelaanpassingenfilmWaterschapvandeberkel\"><img loading=\"lazy\" decoding=\"async\" class=\"alignnone wp-image-8411 size-large\" src=\"\/wp-content\/uploads\/2018\/12\/FilmWaterschapVanDeBaakseBeek-1024x576.jpg\" alt=\"\" width=\"584\" height=\"329\" srcset=\"https:\/\/deberkel.info\/wp-content\/uploads\/2018\/12\/FilmWaterschapVanDeBaakseBeek-1024x576.jpg 1024w, https:\/\/deberkel.info\/wp-content\/uploads\/2018\/12\/FilmWaterschapVanDeBaakseBeek-300x169.jpg 300w, https:\/\/deberkel.info\/wp-content\/uploads\/2018\/12\/FilmWaterschapVanDeBaakseBeek-768x432.jpg 768w, https:\/\/deberkel.info\/wp-content\/uploads\/2018\/12\/FilmWaterschapVanDeBaakseBeek-500x281.jpg 500w\" sizes=\"auto, (max-width: 584px) 100vw, 584px\" \/><\/a>Ausgeweiterte Film aus 1965 \/ 1968 von &#8218;Waterschap Rijn en IJssel&#8216; \u00fcber die 3. Berkelverbesserung an Niederl\u00e4ndische Seite die von dessen Vorg\u00e4nger &#8218;Het Waterschap van de Baakse Beek&#8216; ausgef\u00fchrt worden sind.<br \/>\nSehe der Film <a href=\"\/de\/die-3-berkelverbesserungen-1893-1977\/#BerkelaanpassingenfilmWaterschapvandeberkel\">hier<\/a>.<\/p>\n","protected":false},"excerpt":{"rendered":"<p>Ausgeweiterte Film aus 1965 \/ 1968 von &#8218;Waterschap Rijn en IJssel&#8216; \u00fcber die 3. Berkelverbesserung an Niederl\u00e4ndische Seite die von dessen Vorg\u00e4nger &#8218;Het Waterschap van de Baakse Beek&#8216; ausgef\u00fchrt worden sind <a href=\"https:\/\/deberkel.info\/de\/de-berkel-de-baas-schone-film-uber-die-3-berkelverbesserung-in-1965-1968\/\">Weiterlesen <span class=\"meta-nav\">&rarr;<\/span><\/a><\/p>\n","protected":false},"author":1,"featured_media":8411,"comment_status":"closed","ping_status":"closed","sticky":false,"template":"","format":"standard","meta":{"_exactmetrics_skip_tracking":false,"_exactmetrics_sitenote_active":false,"_exactmetrics_sitenote_note":"","_exactmetrics_sitenote_category":0,"ngg_post_thumbnail":0,"_locale":"de_DE","_original_post":"8410","footnotes":"","_links_to":"","_links_to_target":""},"categories":[7],"tags":[],"class_list":["post-8414","post","type-post","status-publish","format-standard","has-post-thumbnail","hentry","category-nieuws","de-DE"],"yoast_head":"<!-- This site is optimized with the Yoast SEO plugin v27.5 - https:\/\/yoast.com\/product\/yoast-seo-wordpress\/ -->\n<title>&#039;De Berkel de baas&#039;: sch\u00f6ne Film \u00fcber die 3. Berkelverbesserung in 1965 \/ 1968 - Berkel Info<\/title>\n<meta name=\"robots\" content=\"index, follow, max-snippet:-1, max-image-preview:large, max-video-preview:-1\" \/>\n<link rel=\"canonical\" href=\"https:\/\/deberkel.info\/de\/de-berkel-de-baas-schone-film-uber-die-3-berkelverbesserung-in-1965-1968\/\" \/>\n<meta property=\"og:locale\" content=\"de_DE\" \/>\n<meta property=\"og:type\" content=\"article\" \/>\n<meta property=\"og:title\" content=\"&#039;De Berkel de baas&#039;: sch\u00f6ne Film \u00fcber die 3. Berkelverbesserung in 1965 \/ 1968 - Berkel Info\" \/>\n<meta property=\"og:description\" content=\"Ausgeweiterte Film aus 1965 \/ 1968 von &#039;Waterschap Rijn en IJssel&#039; \u00fcber die 3. Berkelverbesserung an Niederl\u00e4ndische Seite die von dessen Vorg\u00e4nger &#039;Het Waterschap van de Baakse Beek&#039; ausgef\u00fchrt worden sind Weiterlesen &rarr;\" \/>\n<meta property=\"og:url\" content=\"https:\/\/deberkel.info\/de\/de-berkel-de-baas-schone-film-uber-die-3-berkelverbesserung-in-1965-1968\/\" \/>\n<meta property=\"og:site_name\" content=\"Berkel Info\" \/>\n<meta property=\"article:published_time\" content=\"2018-12-21T21:18:49+00:00\" \/>\n<meta property=\"article:modified_time\" content=\"2019-01-24T16:40:06+00:00\" \/>\n<meta property=\"og:image\" content=\"https:\/\/deberkel.info\/wp-content\/uploads\/2018\/12\/FilmWaterschapVanDeBaakseBeek.jpg\" \/>\n\t<meta property=\"og:image:width\" content=\"3840\" \/>\n\t<meta property=\"og:image:height\" content=\"2160\" \/>\n\t<meta property=\"og:image:type\" content=\"image\/jpeg\" \/>\n<meta name=\"author\" content=\"berkelcompagnie\" \/>\n<meta name=\"twitter:card\" content=\"summary_large_image\" \/>\n<meta name=\"twitter:label1\" content=\"Verfasst von\" \/>\n\t<meta name=\"twitter:data1\" content=\"berkelcompagnie\" \/>\n<script type=\"application\/ld+json\" class=\"yoast-schema-graph\">{\"@context\":\"https:\\\/\\\/schema.org\",\"@graph\":[{\"@type\":\"Article\",\"@id\":\"https:\\\/\\\/deberkel.info\\\/de\\\/de-berkel-de-baas-schone-film-uber-die-3-berkelverbesserung-in-1965-1968\\\/#article\",\"isPartOf\":{\"@id\":\"https:\\\/\\\/deberkel.info\\\/de\\\/de-berkel-de-baas-schone-film-uber-die-3-berkelverbesserung-in-1965-1968\\\/\"},\"author\":{\"name\":\"berkelcompagnie\",\"@id\":\"https:\\\/\\\/deberkel.info\\\/#\\\/schema\\\/person\\\/68626cffa2cc89382550cfe49c51a4f8\"},\"headline\":\"&#8218;De Berkel de baas&#8216;: sch\u00f6ne Film \u00fcber die 3. Berkelverbesserung in 1965 \\\/ 1968\",\"datePublished\":\"2018-12-21T21:18:49+00:00\",\"dateModified\":\"2019-01-24T16:40:06+00:00\",\"mainEntityOfPage\":{\"@id\":\"https:\\\/\\\/deberkel.info\\\/de\\\/de-berkel-de-baas-schone-film-uber-die-3-berkelverbesserung-in-1965-1968\\\/\"},\"wordCount\":45,\"image\":{\"@id\":\"https:\\\/\\\/deberkel.info\\\/de\\\/de-berkel-de-baas-schone-film-uber-die-3-berkelverbesserung-in-1965-1968\\\/#primaryimage\"},\"thumbnailUrl\":\"https:\\\/\\\/deberkel.info\\\/wp-content\\\/uploads\\\/2018\\\/12\\\/FilmWaterschapVanDeBaakseBeek.jpg\",\"articleSection\":[\"Titelseite Nachrichten\"],\"inLanguage\":\"de\"},{\"@type\":\"WebPage\",\"@id\":\"https:\\\/\\\/deberkel.info\\\/de\\\/de-berkel-de-baas-schone-film-uber-die-3-berkelverbesserung-in-1965-1968\\\/\",\"url\":\"https:\\\/\\\/deberkel.info\\\/de\\\/de-berkel-de-baas-schone-film-uber-die-3-berkelverbesserung-in-1965-1968\\\/\",\"name\":\"'De Berkel de baas': sch\u00f6ne Film \u00fcber die 3. Berkelverbesserung in 1965 \\\/ 1968 - Berkel Info\",\"isPartOf\":{\"@id\":\"https:\\\/\\\/deberkel.info\\\/#website\"},\"primaryImageOfPage\":{\"@id\":\"https:\\\/\\\/deberkel.info\\\/de\\\/de-berkel-de-baas-schone-film-uber-die-3-berkelverbesserung-in-1965-1968\\\/#primaryimage\"},\"image\":{\"@id\":\"https:\\\/\\\/deberkel.info\\\/de\\\/de-berkel-de-baas-schone-film-uber-die-3-berkelverbesserung-in-1965-1968\\\/#primaryimage\"},\"thumbnailUrl\":\"https:\\\/\\\/deberkel.info\\\/wp-content\\\/uploads\\\/2018\\\/12\\\/FilmWaterschapVanDeBaakseBeek.jpg\",\"datePublished\":\"2018-12-21T21:18:49+00:00\",\"dateModified\":\"2019-01-24T16:40:06+00:00\",\"author\":{\"@id\":\"https:\\\/\\\/deberkel.info\\\/#\\\/schema\\\/person\\\/68626cffa2cc89382550cfe49c51a4f8\"},\"breadcrumb\":{\"@id\":\"https:\\\/\\\/deberkel.info\\\/de\\\/de-berkel-de-baas-schone-film-uber-die-3-berkelverbesserung-in-1965-1968\\\/#breadcrumb\"},\"inLanguage\":\"de\",\"potentialAction\":[{\"@type\":\"ReadAction\",\"target\":[\"https:\\\/\\\/deberkel.info\\\/de\\\/de-berkel-de-baas-schone-film-uber-die-3-berkelverbesserung-in-1965-1968\\\/\"]}]},{\"@type\":\"ImageObject\",\"inLanguage\":\"de\",\"@id\":\"https:\\\/\\\/deberkel.info\\\/de\\\/de-berkel-de-baas-schone-film-uber-die-3-berkelverbesserung-in-1965-1968\\\/#primaryimage\",\"url\":\"https:\\\/\\\/deberkel.info\\\/wp-content\\\/uploads\\\/2018\\\/12\\\/FilmWaterschapVanDeBaakseBeek.jpg\",\"contentUrl\":\"https:\\\/\\\/deberkel.info\\\/wp-content\\\/uploads\\\/2018\\\/12\\\/FilmWaterschapVanDeBaakseBeek.jpg\",\"width\":3840,\"height\":2160},{\"@type\":\"BreadcrumbList\",\"@id\":\"https:\\\/\\\/deberkel.info\\\/de\\\/de-berkel-de-baas-schone-film-uber-die-3-berkelverbesserung-in-1965-1968\\\/#breadcrumb\",\"itemListElement\":[{\"@type\":\"ListItem\",\"position\":1,\"name\":\"Home\",\"item\":\"https:\\\/\\\/deberkel.info\\\/de\\\/\"},{\"@type\":\"ListItem\",\"position\":2,\"name\":\"&#8218;De Berkel de baas&#8216;: sch\u00f6ne Film \u00fcber die 3. Berkelverbesserung in 1965 \\\/ 1968\"}]},{\"@type\":\"WebSite\",\"@id\":\"https:\\\/\\\/deberkel.info\\\/#website\",\"url\":\"https:\\\/\\\/deberkel.info\\\/\",\"name\":\"Berkel Info\",\"description\":\"Alles over de Berkel en het Berkeldal, van Billerbeck tot Zutphen\",\"potentialAction\":[{\"@type\":\"SearchAction\",\"target\":{\"@type\":\"EntryPoint\",\"urlTemplate\":\"https:\\\/\\\/deberkel.info\\\/?s={search_term_string}\"},\"query-input\":{\"@type\":\"PropertyValueSpecification\",\"valueRequired\":true,\"valueName\":\"search_term_string\"}}],\"inLanguage\":\"de\"},{\"@type\":\"Person\",\"@id\":\"https:\\\/\\\/deberkel.info\\\/#\\\/schema\\\/person\\\/68626cffa2cc89382550cfe49c51a4f8\",\"name\":\"berkelcompagnie\",\"image\":{\"@type\":\"ImageObject\",\"inLanguage\":\"de\",\"@id\":\"https:\\\/\\\/secure.gravatar.com\\\/avatar\\\/6307c78d195e52619e6aab2303285d5038a965465385ad25ab0f683cf59b649e?s=96&d=mm&r=g\",\"url\":\"https:\\\/\\\/secure.gravatar.com\\\/avatar\\\/6307c78d195e52619e6aab2303285d5038a965465385ad25ab0f683cf59b649e?s=96&d=mm&r=g\",\"contentUrl\":\"https:\\\/\\\/secure.gravatar.com\\\/avatar\\\/6307c78d195e52619e6aab2303285d5038a965465385ad25ab0f683cf59b649e?s=96&d=mm&r=g\",\"caption\":\"berkelcompagnie\"}}]}<\/script>\n<!-- \/ Yoast SEO plugin. -->","yoast_head_json":{"title":"'De Berkel de baas': sch\u00f6ne Film \u00fcber die 3. Berkelverbesserung in 1965 \/ 1968 - Berkel Info","robots":{"index":"index","follow":"follow","max-snippet":"max-snippet:-1","max-image-preview":"max-image-preview:large","max-video-preview":"max-video-preview:-1"},"canonical":"https:\/\/deberkel.info\/de\/de-berkel-de-baas-schone-film-uber-die-3-berkelverbesserung-in-1965-1968\/","og_locale":"de_DE","og_type":"article","og_title":"'De Berkel de baas': sch\u00f6ne Film \u00fcber die 3. Berkelverbesserung in 1965 \/ 1968 - Berkel Info","og_description":"Ausgeweiterte Film aus 1965 \/ 1968 von 'Waterschap Rijn en IJssel' \u00fcber die 3. Berkelverbesserung an Niederl\u00e4ndische Seite die von dessen Vorg\u00e4nger 'Het Waterschap van de Baakse Beek' ausgef\u00fchrt worden sind Weiterlesen &rarr;","og_url":"https:\/\/deberkel.info\/de\/de-berkel-de-baas-schone-film-uber-die-3-berkelverbesserung-in-1965-1968\/","og_site_name":"Berkel Info","article_published_time":"2018-12-21T21:18:49+00:00","article_modified_time":"2019-01-24T16:40:06+00:00","og_image":[{"width":3840,"height":2160,"url":"https:\/\/deberkel.info\/wp-content\/uploads\/2018\/12\/FilmWaterschapVanDeBaakseBeek.jpg","type":"image\/jpeg"}],"author":"berkelcompagnie","twitter_card":"summary_large_image","twitter_misc":{"Verfasst von":"berkelcompagnie"},"schema":{"@context":"https:\/\/schema.org","@graph":[{"@type":"Article","@id":"https:\/\/deberkel.info\/de\/de-berkel-de-baas-schone-film-uber-die-3-berkelverbesserung-in-1965-1968\/#article","isPartOf":{"@id":"https:\/\/deberkel.info\/de\/de-berkel-de-baas-schone-film-uber-die-3-berkelverbesserung-in-1965-1968\/"},"author":{"name":"berkelcompagnie","@id":"https:\/\/deberkel.info\/#\/schema\/person\/68626cffa2cc89382550cfe49c51a4f8"},"headline":"&#8218;De Berkel de baas&#8216;: sch\u00f6ne Film \u00fcber die 3. Berkelverbesserung in 1965 \/ 1968","datePublished":"2018-12-21T21:18:49+00:00","dateModified":"2019-01-24T16:40:06+00:00","mainEntityOfPage":{"@id":"https:\/\/deberkel.info\/de\/de-berkel-de-baas-schone-film-uber-die-3-berkelverbesserung-in-1965-1968\/"},"wordCount":45,"image":{"@id":"https:\/\/deberkel.info\/de\/de-berkel-de-baas-schone-film-uber-die-3-berkelverbesserung-in-1965-1968\/#primaryimage"},"thumbnailUrl":"https:\/\/deberkel.info\/wp-content\/uploads\/2018\/12\/FilmWaterschapVanDeBaakseBeek.jpg","articleSection":["Titelseite Nachrichten"],"inLanguage":"de"},{"@type":"WebPage","@id":"https:\/\/deberkel.info\/de\/de-berkel-de-baas-schone-film-uber-die-3-berkelverbesserung-in-1965-1968\/","url":"https:\/\/deberkel.info\/de\/de-berkel-de-baas-schone-film-uber-die-3-berkelverbesserung-in-1965-1968\/","name":"'De Berkel de baas': sch\u00f6ne Film \u00fcber die 3. Berkelverbesserung in 1965 \/ 1968 - Berkel Info","isPartOf":{"@id":"https:\/\/deberkel.info\/#website"},"primaryImageOfPage":{"@id":"https:\/\/deberkel.info\/de\/de-berkel-de-baas-schone-film-uber-die-3-berkelverbesserung-in-1965-1968\/#primaryimage"},"image":{"@id":"https:\/\/deberkel.info\/de\/de-berkel-de-baas-schone-film-uber-die-3-berkelverbesserung-in-1965-1968\/#primaryimage"},"thumbnailUrl":"https:\/\/deberkel.info\/wp-content\/uploads\/2018\/12\/FilmWaterschapVanDeBaakseBeek.jpg","datePublished":"2018-12-21T21:18:49+00:00","dateModified":"2019-01-24T16:40:06+00:00","author":{"@id":"https:\/\/deberkel.info\/#\/schema\/person\/68626cffa2cc89382550cfe49c51a4f8"},"breadcrumb":{"@id":"https:\/\/deberkel.info\/de\/de-berkel-de-baas-schone-film-uber-die-3-berkelverbesserung-in-1965-1968\/#breadcrumb"},"inLanguage":"de","potentialAction":[{"@type":"ReadAction","target":["https:\/\/deberkel.info\/de\/de-berkel-de-baas-schone-film-uber-die-3-berkelverbesserung-in-1965-1968\/"]}]},{"@type":"ImageObject","inLanguage":"de","@id":"https:\/\/deberkel.info\/de\/de-berkel-de-baas-schone-film-uber-die-3-berkelverbesserung-in-1965-1968\/#primaryimage","url":"https:\/\/deberkel.info\/wp-content\/uploads\/2018\/12\/FilmWaterschapVanDeBaakseBeek.jpg","contentUrl":"https:\/\/deberkel.info\/wp-content\/uploads\/2018\/12\/FilmWaterschapVanDeBaakseBeek.jpg","width":3840,"height":2160},{"@type":"BreadcrumbList","@id":"https:\/\/deberkel.info\/de\/de-berkel-de-baas-schone-film-uber-die-3-berkelverbesserung-in-1965-1968\/#breadcrumb","itemListElement":[{"@type":"ListItem","position":1,"name":"Home","item":"https:\/\/deberkel.info\/de\/"},{"@type":"ListItem","position":2,"name":"&#8218;De Berkel de baas&#8216;: sch\u00f6ne Film \u00fcber die 3. Berkelverbesserung in 1965 \/ 1968"}]},{"@type":"WebSite","@id":"https:\/\/deberkel.info\/#website","url":"https:\/\/deberkel.info\/","name":"Berkel Info","description":"Alles over de Berkel en het Berkeldal, van Billerbeck tot Zutphen","potentialAction":[{"@type":"SearchAction","target":{"@type":"EntryPoint","urlTemplate":"https:\/\/deberkel.info\/?s={search_term_string}"},"query-input":{"@type":"PropertyValueSpecification","valueRequired":true,"valueName":"search_term_string"}}],"inLanguage":"de"},{"@type":"Person","@id":"https:\/\/deberkel.info\/#\/schema\/person\/68626cffa2cc89382550cfe49c51a4f8","name":"berkelcompagnie","image":{"@type":"ImageObject","inLanguage":"de","@id":"https:\/\/secure.gravatar.com\/avatar\/6307c78d195e52619e6aab2303285d5038a965465385ad25ab0f683cf59b649e?s=96&d=mm&r=g","url":"https:\/\/secure.gravatar.com\/avatar\/6307c78d195e52619e6aab2303285d5038a965465385ad25ab0f683cf59b649e?s=96&d=mm&r=g","contentUrl":"https:\/\/secure.gravatar.com\/avatar\/6307c78d195e52619e6aab2303285d5038a965465385ad25ab0f683cf59b649e?s=96&d=mm&r=g","caption":"berkelcompagnie"}}]}},"rttpg_featured_image_url":{"full":["https:\/\/deberkel.info\/wp-content\/uploads\/2018\/12\/FilmWaterschapVanDeBaakseBeek.jpg",3840,2160,false],"landscape":["https:\/\/deberkel.info\/wp-content\/uploads\/2018\/12\/FilmWaterschapVanDeBaakseBeek.jpg",3840,2160,false],"portraits":["https:\/\/deberkel.info\/wp-content\/uploads\/2018\/12\/FilmWaterschapVanDeBaakseBeek.jpg",3840,2160,false],"thumbnail":["https:\/\/deberkel.info\/wp-content\/uploads\/2018\/12\/FilmWaterschapVanDeBaakseBeek-150x150.jpg",150,150,true],"medium":["https:\/\/deberkel.info\/wp-content\/uploads\/2018\/12\/FilmWaterschapVanDeBaakseBeek-300x169.jpg",300,169,true],"large":["https:\/\/deberkel.info\/wp-content\/uploads\/2018\/12\/FilmWaterschapVanDeBaakseBeek-1024x576.jpg",584,329,true],"1536x1536":["https:\/\/deberkel.info\/wp-content\/uploads\/2018\/12\/FilmWaterschapVanDeBaakseBeek.jpg",1536,864,false],"2048x2048":["https:\/\/deberkel.info\/wp-content\/uploads\/2018\/12\/FilmWaterschapVanDeBaakseBeek.jpg",2048,1152,false],"post-thumbnail":["https:\/\/deberkel.info\/wp-content\/uploads\/2018\/12\/FilmWaterschapVanDeBaakseBeek-1000x288.jpg",1000,288,true],"large-feature":["https:\/\/deberkel.info\/wp-content\/uploads\/2018\/12\/FilmWaterschapVanDeBaakseBeek-1000x288.jpg",1000,288,true],"small-feature":["https:\/\/deberkel.info\/wp-content\/uploads\/2018\/12\/FilmWaterschapVanDeBaakseBeek-500x281.jpg",500,281,true]},"rttpg_author":{"display_name":"berkelcompagnie","author_link":"https:\/\/deberkel.info\/author\/berkelcompagnie\/"},"rttpg_comment":0,"rttpg_category":"<a href=\"https:\/\/deberkel.info\/de\/nieuws\/\" rel=\"category tag\">Titelseite Nachrichten<\/a>","rttpg_excerpt":"Ausgeweiterte Film aus 1965 \/ 1968 von 'Waterschap Rijn en IJssel' \u00fcber die 3. Berkelverbesserung an Niederl\u00e4ndische Seite die von dessen Vorg\u00e4nger 'Het Waterschap van de Baakse Beek' ausgef\u00fchrt worden sind Weiterlesen &rarr;","_links":{"self":[{"href":"https:\/\/deberkel.info\/wp-json\/wp\/v2\/posts\/8414","targetHints":{"allow":["GET"]}}],"collection":[{"href":"https:\/\/deberkel.info\/wp-json\/wp\/v2\/posts"}],"about":[{"href":"https:\/\/deberkel.info\/wp-json\/wp\/v2\/types\/post"}],"author":[{"embeddable":true,"href":"https:\/\/deberkel.info\/wp-json\/wp\/v2\/users\/1"}],"replies":[{"embeddable":true,"href":"https:\/\/deberkel.info\/wp-json\/wp\/v2\/comments?post=8414"}],"version-history":[{"count":2,"href":"https:\/\/deberkel.info\/wp-json\/wp\/v2\/posts\/8414\/revisions"}],"predecessor-version":[{"id":8846,"href":"https:\/\/deberkel.info\/wp-json\/wp\/v2\/posts\/8414\/revisions\/8846"}],"wp:featuredmedia":[{"embeddable":true,"href":"https:\/\/deberkel.info\/wp-json\/wp\/v2\/media\/8411"}],"wp:attachment":[{"href":"https:\/\/deberkel.info\/wp-json\/wp\/v2\/media?parent=8414"}],"wp:term":[{"taxonomy":"category","embeddable":true,"href":"https:\/\/deberkel.info\/wp-json\/wp\/v2\/categories?post=8414"},{"taxonomy":"post_tag","embeddable":true,"href":"https:\/\/deberkel.info\/wp-json\/wp\/v2\/tags?post=8414"}],"curies":[{"name":"wp","href":"https:\/\/api.w.org\/{rel}","templated":true}]}}