{"id":9953,"date":"2019-04-10T18:41:08","date_gmt":"2019-04-10T18:41:08","guid":{"rendered":"http:\/\/deberkel.info\/?p=9953"},"modified":"2019-08-28T21:22:59","modified_gmt":"2019-08-28T21:22:59","slug":"zutphense-koerier-kom-op-verhaal-met-berkelfluisteraar","status":"publish","type":"post","link":"https:\/\/deberkel.info\/de\/zutphense-koerier-kom-op-verhaal-met-berkelfluisteraar\/","title":{"rendered":"Zutphense Koerier: Kom op verhaal met Berkelfluisteraar"},"content":{"rendered":"<p><img loading=\"lazy\" decoding=\"async\" class=\"alignnone size-full wp-image-9951\" src=\"\/wp-content\/uploads\/2019\/04\/20190410-ZutphenseKoerier-Berkelfluisteraar-Kop.jpg\" alt=\"\" width=\"840\" height=\"495\" srcset=\"https:\/\/deberkel.info\/wp-content\/uploads\/2019\/04\/20190410-ZutphenseKoerier-Berkelfluisteraar-Kop.jpg 840w, https:\/\/deberkel.info\/wp-content\/uploads\/2019\/04\/20190410-ZutphenseKoerier-Berkelfluisteraar-Kop-300x177.jpg 300w, https:\/\/deberkel.info\/wp-content\/uploads\/2019\/04\/20190410-ZutphenseKoerier-Berkelfluisteraar-Kop-768x453.jpg 768w, https:\/\/deberkel.info\/wp-content\/uploads\/2019\/04\/20190410-ZutphenseKoerier-Berkelfluisteraar-Kop-500x295.jpg 500w\" sizes=\"auto, (max-width: 840px) 100vw, 840px\" \/>Am 10. April im <a href=\"https:\/\/www.zutphensekoerier.nl\" target=\"_blank\" rel=\"noopener noreferrer\">Zutphense Koerier<\/a> ein sch\u00f6ner Artikel \u00fcber eine Fahrt mit dem neuen Fl\u00fcsterbot &#8222;Jan Nieuwburg&#8220;.<br \/>\n<a href=\"https:\/\/www.zutphensekoerier.nl\/nieuws\/algemeen\/691985\/kom-op-verhaal-met-berkelfluisteraar?fbclid=IwAR0M6Wb2b0907_3VTgYxtM0Tat2_HfN4IdN-NBz3NH9PZ_TDDCV292H_CzU\" target=\"_blank\" rel=\"noopener noreferrer\">Hier<\/a> ist die Geschichte im Zutphense Koerier.<\/p>\n<p><img loading=\"lazy\" decoding=\"async\" class=\"alignnone wp-image-9950\" src=\"\/wp-content\/uploads\/2019\/04\/20190410-ZutphenseKoerier-Berkelfluisteraar-1000x1652.jpg\" alt=\"\" width=\"800\" height=\"1322\" srcset=\"https:\/\/deberkel.info\/wp-content\/uploads\/2019\/04\/20190410-ZutphenseKoerier-Berkelfluisteraar-1000x1652.jpg 1000w, https:\/\/deberkel.info\/wp-content\/uploads\/2019\/04\/20190410-ZutphenseKoerier-Berkelfluisteraar-1000x1652-182x300.jpg 182w, https:\/\/deberkel.info\/wp-content\/uploads\/2019\/04\/20190410-ZutphenseKoerier-Berkelfluisteraar-1000x1652-768x1269.jpg 768w, https:\/\/deberkel.info\/wp-content\/uploads\/2019\/04\/20190410-ZutphenseKoerier-Berkelfluisteraar-1000x1652-620x1024.jpg 620w\" sizes=\"auto, (max-width: 800px) 100vw, 800px\" \/><\/p>\n","protected":false},"excerpt":{"rendered":"<p>Am 10. April im Zutphense Koerier ein sch\u00f6ner Artikel \u00fcber eine Fahrt mit dem neuen Fl\u00fcsterbot &#8222;Jan Nieuwburg&#8220; <a href=\"https:\/\/deberkel.info\/de\/zutphense-koerier-kom-op-verhaal-met-berkelfluisteraar\/\">Weiterlesen <span class=\"meta-nav\">&rarr;<\/span><\/a><\/p>\n","protected":false},"author":1,"featured_media":9951,"comment_status":"closed","ping_status":"closed","sticky":false,"template":"","format":"standard","meta":{"_exactmetrics_skip_tracking":false,"_exactmetrics_sitenote_active":false,"_exactmetrics_sitenote_note":"","_exactmetrics_sitenote_category":0,"ngg_post_thumbnail":0,"_locale":"de_DE","_original_post":"9949","footnotes":"","_links_to":"","_links_to_target":""},"categories":[85,7],"tags":[],"class_list":["post-9953","post","type-post","status-publish","format-standard","has-post-thumbnail","hentry","category-persberichtenuit2019","category-nieuws","de-DE"],"yoast_head":"<!-- This site is optimized with the Yoast SEO plugin v27.5 - https:\/\/yoast.com\/product\/yoast-seo-wordpress\/ -->\n<title>Zutphense Koerier: Kom op verhaal met Berkelfluisteraar - Berkel Info<\/title>\n<meta name=\"robots\" content=\"index, follow, max-snippet:-1, max-image-preview:large, max-video-preview:-1\" \/>\n<link rel=\"canonical\" href=\"https:\/\/deberkel.info\/de\/zutphense-koerier-kom-op-verhaal-met-berkelfluisteraar\/\" \/>\n<meta property=\"og:locale\" content=\"de_DE\" \/>\n<meta property=\"og:type\" content=\"article\" \/>\n<meta property=\"og:title\" content=\"Zutphense Koerier: Kom op verhaal met Berkelfluisteraar - Berkel Info\" \/>\n<meta property=\"og:description\" content=\"Am 10. April im Zutphense Koerier ein sch\u00f6ner Artikel \u00fcber eine Fahrt mit dem neuen Fl\u00fcsterbot &quot;Jan Nieuwburg&quot; Weiterlesen &rarr;\" \/>\n<meta property=\"og:url\" content=\"https:\/\/deberkel.info\/de\/zutphense-koerier-kom-op-verhaal-met-berkelfluisteraar\/\" \/>\n<meta property=\"og:site_name\" content=\"Berkel Info\" \/>\n<meta property=\"article:published_time\" content=\"2019-04-10T18:41:08+00:00\" \/>\n<meta property=\"article:modified_time\" content=\"2019-08-28T21:22:59+00:00\" \/>\n<meta property=\"og:image\" content=\"https:\/\/deberkel.info\/wp-content\/uploads\/2019\/04\/20190410-ZutphenseKoerier-Berkelfluisteraar-Kop.jpg\" \/>\n\t<meta property=\"og:image:width\" content=\"840\" \/>\n\t<meta property=\"og:image:height\" content=\"495\" \/>\n\t<meta property=\"og:image:type\" content=\"image\/jpeg\" \/>\n<meta name=\"author\" content=\"berkelcompagnie\" \/>\n<meta name=\"twitter:card\" content=\"summary_large_image\" \/>\n<meta name=\"twitter:label1\" content=\"Verfasst von\" \/>\n\t<meta name=\"twitter:data1\" content=\"berkelcompagnie\" \/>\n<script type=\"application\/ld+json\" class=\"yoast-schema-graph\">{\"@context\":\"https:\\\/\\\/schema.org\",\"@graph\":[{\"@type\":\"Article\",\"@id\":\"https:\\\/\\\/deberkel.info\\\/de\\\/zutphense-koerier-kom-op-verhaal-met-berkelfluisteraar\\\/#article\",\"isPartOf\":{\"@id\":\"https:\\\/\\\/deberkel.info\\\/de\\\/zutphense-koerier-kom-op-verhaal-met-berkelfluisteraar\\\/\"},\"author\":{\"name\":\"berkelcompagnie\",\"@id\":\"https:\\\/\\\/deberkel.info\\\/#\\\/schema\\\/person\\\/68626cffa2cc89382550cfe49c51a4f8\"},\"headline\":\"Zutphense Koerier: Kom op verhaal met Berkelfluisteraar\",\"datePublished\":\"2019-04-10T18:41:08+00:00\",\"dateModified\":\"2019-08-28T21:22:59+00:00\",\"mainEntityOfPage\":{\"@id\":\"https:\\\/\\\/deberkel.info\\\/de\\\/zutphense-koerier-kom-op-verhaal-met-berkelfluisteraar\\\/\"},\"wordCount\":33,\"image\":{\"@id\":\"https:\\\/\\\/deberkel.info\\\/de\\\/zutphense-koerier-kom-op-verhaal-met-berkelfluisteraar\\\/#primaryimage\"},\"thumbnailUrl\":\"https:\\\/\\\/deberkel.info\\\/wp-content\\\/uploads\\\/2019\\\/04\\\/20190410-ZutphenseKoerier-Berkelfluisteraar-Kop.jpg\",\"articleSection\":[\"Presseberichte aus 2019\",\"Titelseite Nachrichten\"],\"inLanguage\":\"de\"},{\"@type\":\"WebPage\",\"@id\":\"https:\\\/\\\/deberkel.info\\\/de\\\/zutphense-koerier-kom-op-verhaal-met-berkelfluisteraar\\\/\",\"url\":\"https:\\\/\\\/deberkel.info\\\/de\\\/zutphense-koerier-kom-op-verhaal-met-berkelfluisteraar\\\/\",\"name\":\"Zutphense Koerier: Kom op verhaal met Berkelfluisteraar - Berkel Info\",\"isPartOf\":{\"@id\":\"https:\\\/\\\/deberkel.info\\\/#website\"},\"primaryImageOfPage\":{\"@id\":\"https:\\\/\\\/deberkel.info\\\/de\\\/zutphense-koerier-kom-op-verhaal-met-berkelfluisteraar\\\/#primaryimage\"},\"image\":{\"@id\":\"https:\\\/\\\/deberkel.info\\\/de\\\/zutphense-koerier-kom-op-verhaal-met-berkelfluisteraar\\\/#primaryimage\"},\"thumbnailUrl\":\"https:\\\/\\\/deberkel.info\\\/wp-content\\\/uploads\\\/2019\\\/04\\\/20190410-ZutphenseKoerier-Berkelfluisteraar-Kop.jpg\",\"datePublished\":\"2019-04-10T18:41:08+00:00\",\"dateModified\":\"2019-08-28T21:22:59+00:00\",\"author\":{\"@id\":\"https:\\\/\\\/deberkel.info\\\/#\\\/schema\\\/person\\\/68626cffa2cc89382550cfe49c51a4f8\"},\"breadcrumb\":{\"@id\":\"https:\\\/\\\/deberkel.info\\\/de\\\/zutphense-koerier-kom-op-verhaal-met-berkelfluisteraar\\\/#breadcrumb\"},\"inLanguage\":\"de\",\"potentialAction\":[{\"@type\":\"ReadAction\",\"target\":[\"https:\\\/\\\/deberkel.info\\\/de\\\/zutphense-koerier-kom-op-verhaal-met-berkelfluisteraar\\\/\"]}]},{\"@type\":\"ImageObject\",\"inLanguage\":\"de\",\"@id\":\"https:\\\/\\\/deberkel.info\\\/de\\\/zutphense-koerier-kom-op-verhaal-met-berkelfluisteraar\\\/#primaryimage\",\"url\":\"https:\\\/\\\/deberkel.info\\\/wp-content\\\/uploads\\\/2019\\\/04\\\/20190410-ZutphenseKoerier-Berkelfluisteraar-Kop.jpg\",\"contentUrl\":\"https:\\\/\\\/deberkel.info\\\/wp-content\\\/uploads\\\/2019\\\/04\\\/20190410-ZutphenseKoerier-Berkelfluisteraar-Kop.jpg\",\"width\":840,\"height\":495},{\"@type\":\"BreadcrumbList\",\"@id\":\"https:\\\/\\\/deberkel.info\\\/de\\\/zutphense-koerier-kom-op-verhaal-met-berkelfluisteraar\\\/#breadcrumb\",\"itemListElement\":[{\"@type\":\"ListItem\",\"position\":1,\"name\":\"Home\",\"item\":\"https:\\\/\\\/deberkel.info\\\/de\\\/\"},{\"@type\":\"ListItem\",\"position\":2,\"name\":\"Zutphense Koerier: Kom op verhaal met Berkelfluisteraar\"}]},{\"@type\":\"WebSite\",\"@id\":\"https:\\\/\\\/deberkel.info\\\/#website\",\"url\":\"https:\\\/\\\/deberkel.info\\\/\",\"name\":\"Berkel Info\",\"description\":\"Alles over de Berkel en het Berkeldal, van Billerbeck tot Zutphen\",\"potentialAction\":[{\"@type\":\"SearchAction\",\"target\":{\"@type\":\"EntryPoint\",\"urlTemplate\":\"https:\\\/\\\/deberkel.info\\\/?s={search_term_string}\"},\"query-input\":{\"@type\":\"PropertyValueSpecification\",\"valueRequired\":true,\"valueName\":\"search_term_string\"}}],\"inLanguage\":\"de\"},{\"@type\":\"Person\",\"@id\":\"https:\\\/\\\/deberkel.info\\\/#\\\/schema\\\/person\\\/68626cffa2cc89382550cfe49c51a4f8\",\"name\":\"berkelcompagnie\",\"image\":{\"@type\":\"ImageObject\",\"inLanguage\":\"de\",\"@id\":\"https:\\\/\\\/secure.gravatar.com\\\/avatar\\\/6307c78d195e52619e6aab2303285d5038a965465385ad25ab0f683cf59b649e?s=96&d=mm&r=g\",\"url\":\"https:\\\/\\\/secure.gravatar.com\\\/avatar\\\/6307c78d195e52619e6aab2303285d5038a965465385ad25ab0f683cf59b649e?s=96&d=mm&r=g\",\"contentUrl\":\"https:\\\/\\\/secure.gravatar.com\\\/avatar\\\/6307c78d195e52619e6aab2303285d5038a965465385ad25ab0f683cf59b649e?s=96&d=mm&r=g\",\"caption\":\"berkelcompagnie\"}}]}<\/script>\n<!-- \/ Yoast SEO plugin. -->","yoast_head_json":{"title":"Zutphense Koerier: Kom op verhaal met Berkelfluisteraar - Berkel Info","robots":{"index":"index","follow":"follow","max-snippet":"max-snippet:-1","max-image-preview":"max-image-preview:large","max-video-preview":"max-video-preview:-1"},"canonical":"https:\/\/deberkel.info\/de\/zutphense-koerier-kom-op-verhaal-met-berkelfluisteraar\/","og_locale":"de_DE","og_type":"article","og_title":"Zutphense Koerier: Kom op verhaal met Berkelfluisteraar - Berkel Info","og_description":"Am 10. April im Zutphense Koerier ein sch\u00f6ner Artikel \u00fcber eine Fahrt mit dem neuen Fl\u00fcsterbot \"Jan Nieuwburg\" Weiterlesen &rarr;","og_url":"https:\/\/deberkel.info\/de\/zutphense-koerier-kom-op-verhaal-met-berkelfluisteraar\/","og_site_name":"Berkel Info","article_published_time":"2019-04-10T18:41:08+00:00","article_modified_time":"2019-08-28T21:22:59+00:00","og_image":[{"width":840,"height":495,"url":"https:\/\/deberkel.info\/wp-content\/uploads\/2019\/04\/20190410-ZutphenseKoerier-Berkelfluisteraar-Kop.jpg","type":"image\/jpeg"}],"author":"berkelcompagnie","twitter_card":"summary_large_image","twitter_misc":{"Verfasst von":"berkelcompagnie"},"schema":{"@context":"https:\/\/schema.org","@graph":[{"@type":"Article","@id":"https:\/\/deberkel.info\/de\/zutphense-koerier-kom-op-verhaal-met-berkelfluisteraar\/#article","isPartOf":{"@id":"https:\/\/deberkel.info\/de\/zutphense-koerier-kom-op-verhaal-met-berkelfluisteraar\/"},"author":{"name":"berkelcompagnie","@id":"https:\/\/deberkel.info\/#\/schema\/person\/68626cffa2cc89382550cfe49c51a4f8"},"headline":"Zutphense Koerier: Kom op verhaal met Berkelfluisteraar","datePublished":"2019-04-10T18:41:08+00:00","dateModified":"2019-08-28T21:22:59+00:00","mainEntityOfPage":{"@id":"https:\/\/deberkel.info\/de\/zutphense-koerier-kom-op-verhaal-met-berkelfluisteraar\/"},"wordCount":33,"image":{"@id":"https:\/\/deberkel.info\/de\/zutphense-koerier-kom-op-verhaal-met-berkelfluisteraar\/#primaryimage"},"thumbnailUrl":"https:\/\/deberkel.info\/wp-content\/uploads\/2019\/04\/20190410-ZutphenseKoerier-Berkelfluisteraar-Kop.jpg","articleSection":["Presseberichte aus 2019","Titelseite Nachrichten"],"inLanguage":"de"},{"@type":"WebPage","@id":"https:\/\/deberkel.info\/de\/zutphense-koerier-kom-op-verhaal-met-berkelfluisteraar\/","url":"https:\/\/deberkel.info\/de\/zutphense-koerier-kom-op-verhaal-met-berkelfluisteraar\/","name":"Zutphense Koerier: Kom op verhaal met Berkelfluisteraar - Berkel Info","isPartOf":{"@id":"https:\/\/deberkel.info\/#website"},"primaryImageOfPage":{"@id":"https:\/\/deberkel.info\/de\/zutphense-koerier-kom-op-verhaal-met-berkelfluisteraar\/#primaryimage"},"image":{"@id":"https:\/\/deberkel.info\/de\/zutphense-koerier-kom-op-verhaal-met-berkelfluisteraar\/#primaryimage"},"thumbnailUrl":"https:\/\/deberkel.info\/wp-content\/uploads\/2019\/04\/20190410-ZutphenseKoerier-Berkelfluisteraar-Kop.jpg","datePublished":"2019-04-10T18:41:08+00:00","dateModified":"2019-08-28T21:22:59+00:00","author":{"@id":"https:\/\/deberkel.info\/#\/schema\/person\/68626cffa2cc89382550cfe49c51a4f8"},"breadcrumb":{"@id":"https:\/\/deberkel.info\/de\/zutphense-koerier-kom-op-verhaal-met-berkelfluisteraar\/#breadcrumb"},"inLanguage":"de","potentialAction":[{"@type":"ReadAction","target":["https:\/\/deberkel.info\/de\/zutphense-koerier-kom-op-verhaal-met-berkelfluisteraar\/"]}]},{"@type":"ImageObject","inLanguage":"de","@id":"https:\/\/deberkel.info\/de\/zutphense-koerier-kom-op-verhaal-met-berkelfluisteraar\/#primaryimage","url":"https:\/\/deberkel.info\/wp-content\/uploads\/2019\/04\/20190410-ZutphenseKoerier-Berkelfluisteraar-Kop.jpg","contentUrl":"https:\/\/deberkel.info\/wp-content\/uploads\/2019\/04\/20190410-ZutphenseKoerier-Berkelfluisteraar-Kop.jpg","width":840,"height":495},{"@type":"BreadcrumbList","@id":"https:\/\/deberkel.info\/de\/zutphense-koerier-kom-op-verhaal-met-berkelfluisteraar\/#breadcrumb","itemListElement":[{"@type":"ListItem","position":1,"name":"Home","item":"https:\/\/deberkel.info\/de\/"},{"@type":"ListItem","position":2,"name":"Zutphense Koerier: Kom op verhaal met Berkelfluisteraar"}]},{"@type":"WebSite","@id":"https:\/\/deberkel.info\/#website","url":"https:\/\/deberkel.info\/","name":"Berkel Info","description":"Alles over de Berkel en het Berkeldal, van Billerbeck tot Zutphen","potentialAction":[{"@type":"SearchAction","target":{"@type":"EntryPoint","urlTemplate":"https:\/\/deberkel.info\/?s={search_term_string}"},"query-input":{"@type":"PropertyValueSpecification","valueRequired":true,"valueName":"search_term_string"}}],"inLanguage":"de"},{"@type":"Person","@id":"https:\/\/deberkel.info\/#\/schema\/person\/68626cffa2cc89382550cfe49c51a4f8","name":"berkelcompagnie","image":{"@type":"ImageObject","inLanguage":"de","@id":"https:\/\/secure.gravatar.com\/avatar\/6307c78d195e52619e6aab2303285d5038a965465385ad25ab0f683cf59b649e?s=96&d=mm&r=g","url":"https:\/\/secure.gravatar.com\/avatar\/6307c78d195e52619e6aab2303285d5038a965465385ad25ab0f683cf59b649e?s=96&d=mm&r=g","contentUrl":"https:\/\/secure.gravatar.com\/avatar\/6307c78d195e52619e6aab2303285d5038a965465385ad25ab0f683cf59b649e?s=96&d=mm&r=g","caption":"berkelcompagnie"}}]}},"rttpg_featured_image_url":{"full":["https:\/\/deberkel.info\/wp-content\/uploads\/2019\/04\/20190410-ZutphenseKoerier-Berkelfluisteraar-Kop.jpg",840,495,false],"landscape":["https:\/\/deberkel.info\/wp-content\/uploads\/2019\/04\/20190410-ZutphenseKoerier-Berkelfluisteraar-Kop.jpg",840,495,false],"portraits":["https:\/\/deberkel.info\/wp-content\/uploads\/2019\/04\/20190410-ZutphenseKoerier-Berkelfluisteraar-Kop.jpg",840,495,false],"thumbnail":["https:\/\/deberkel.info\/wp-content\/uploads\/2019\/04\/20190410-ZutphenseKoerier-Berkelfluisteraar-Kop-150x150.jpg",150,150,true],"medium":["https:\/\/deberkel.info\/wp-content\/uploads\/2019\/04\/20190410-ZutphenseKoerier-Berkelfluisteraar-Kop-300x177.jpg",300,177,true],"large":["https:\/\/deberkel.info\/wp-content\/uploads\/2019\/04\/20190410-ZutphenseKoerier-Berkelfluisteraar-Kop.jpg",584,344,false],"1536x1536":["https:\/\/deberkel.info\/wp-content\/uploads\/2019\/04\/20190410-ZutphenseKoerier-Berkelfluisteraar-Kop.jpg",840,495,false],"2048x2048":["https:\/\/deberkel.info\/wp-content\/uploads\/2019\/04\/20190410-ZutphenseKoerier-Berkelfluisteraar-Kop.jpg",840,495,false],"post-thumbnail":["https:\/\/deberkel.info\/wp-content\/uploads\/2019\/04\/20190410-ZutphenseKoerier-Berkelfluisteraar-Kop-840x288.jpg",840,288,true],"large-feature":["https:\/\/deberkel.info\/wp-content\/uploads\/2019\/04\/20190410-ZutphenseKoerier-Berkelfluisteraar-Kop-840x288.jpg",840,288,true],"small-feature":["https:\/\/deberkel.info\/wp-content\/uploads\/2019\/04\/20190410-ZutphenseKoerier-Berkelfluisteraar-Kop-500x295.jpg",500,295,true]},"rttpg_author":{"display_name":"berkelcompagnie","author_link":"https:\/\/deberkel.info\/author\/berkelcompagnie\/"},"rttpg_comment":0,"rttpg_category":"<a href=\"https:\/\/deberkel.info\/de\/persberichtenuit2019\/\" rel=\"category tag\">Presseberichte aus 2019<\/a> <a href=\"https:\/\/deberkel.info\/de\/nieuws\/\" rel=\"category tag\">Titelseite Nachrichten<\/a>","rttpg_excerpt":"Am 10. April im Zutphense Koerier ein sch\u00f6ner Artikel \u00fcber eine Fahrt mit dem neuen Fl\u00fcsterbot \"Jan Nieuwburg\" Weiterlesen &rarr;","_links":{"self":[{"href":"https:\/\/deberkel.info\/wp-json\/wp\/v2\/posts\/9953","targetHints":{"allow":["GET"]}}],"collection":[{"href":"https:\/\/deberkel.info\/wp-json\/wp\/v2\/posts"}],"about":[{"href":"https:\/\/deberkel.info\/wp-json\/wp\/v2\/types\/post"}],"author":[{"embeddable":true,"href":"https:\/\/deberkel.info\/wp-json\/wp\/v2\/users\/1"}],"replies":[{"embeddable":true,"href":"https:\/\/deberkel.info\/wp-json\/wp\/v2\/comments?post=9953"}],"version-history":[{"count":2,"href":"https:\/\/deberkel.info\/wp-json\/wp\/v2\/posts\/9953\/revisions"}],"predecessor-version":[{"id":10619,"href":"https:\/\/deberkel.info\/wp-json\/wp\/v2\/posts\/9953\/revisions\/10619"}],"wp:featuredmedia":[{"embeddable":true,"href":"https:\/\/deberkel.info\/wp-json\/wp\/v2\/media\/9951"}],"wp:attachment":[{"href":"https:\/\/deberkel.info\/wp-json\/wp\/v2\/media?parent=9953"}],"wp:term":[{"taxonomy":"category","embeddable":true,"href":"https:\/\/deberkel.info\/wp-json\/wp\/v2\/categories?post=9953"},{"taxonomy":"post_tag","embeddable":true,"href":"https:\/\/deberkel.info\/wp-json\/wp\/v2\/tags?post=9953"}],"curies":[{"name":"wp","href":"https:\/\/api.w.org\/{rel}","templated":true}]}}